{"id":2441,"date":"2017-02-03T07:57:34","date_gmt":"2017-02-03T07:57:34","guid":{"rendered":"http:\/\/cms.sv-karlsdorf.de\/?p=2441"},"modified":"2021-03-18T17:29:59","modified_gmt":"2021-03-18T16:29:59","slug":"news","status":"publish","type":"post","link":"https:\/\/www.sv-karlsdorf.de\/?p=2441","title":{"rendered":"News: Jugendvorstandschaft, Jahreshauptversammlung, Liga"},"content":{"rendered":"<p style=\"text-align: justify;\"><b>Neuwahlen bei der Sch\u00fctzenjugend <\/b>Am 22.12.2016 fand die Jugendvollversammlung mit folgendem Ergebnis statt: 1. Jugendleiter: Klaus Seeland, Stellvertreter: Kevin Rabenstein, Jugendkassierer: Fabian Kramer, Schriftf\u00fchrerin: Emely Stober, Jugendsprecher: Darko Antovski, Jugendsprecherin: Leonie Graupner. Ein besonderer Dank ging an Ralf Drach, f\u00fcr die langj\u00e4hrige Unterst\u00fctzung unserer Sch\u00fctzenjugend. Nach der Vollversammlung gingen die 15 anwesenden Jugendlichen dann zum gem\u00fctlichen Teil \u00fcber, dem Jahresabschlussgrillen.<\/p>\n<p style=\"text-align: justify;\"><b>Guter Saisonabschluss 2. Platz der 1. Mannschaft in der Landesliga S\u00fcdwest, Luftpistole <\/b>So ist das im Sport, mal verliert man, mal gewinnt man. Mit einem 3:2 Heimsieg am 29.01.17 im 7. und letzten Wettkampftag erreichte unsere 1. Mannschaft in der Besetzung Fabian Kramer, Jonathan Brecht, Ralf Drach, Roland J\u00e4ger und Klaus Seeland in der Abschlusstabelle einen sehr guten 2. Platz in der 8 Teilnehmer starken Landesliga S\u00fcdwest. Der Sch\u00fctzenverein gratuliert allen unseren Mannschaftssch\u00fctzen sehr herzlich f\u00fcr ihr Engagement und ihren guten Schie\u00dfleistungen. <b>Ergebnisdienst f\u00fcr alle Ligen unser Wettkampfleiter Torsten Marcziniak<\/b><\/p>\n<p style=\"text-align: justify;\"><b>Jahreshauptversammlung am 10. Februar um 19.30 Uhr im Sch\u00fctzenhaus. <\/b>Zu unserer diesj\u00e4hrigen Jahreshauptversammlung, die schriftliche Einladung erfolgte bereits, laden wir unsere Mitglieder ganz herzlich ein. Gleichzeitig findet an diesem Termin unser K\u00f6nigsschie\u00dfen statt. Daher bitten wir unsere Mitglieder etwas fr\u00fcher zu kommen, damit sie am K\u00f6nigsschie\u00dfen teilnehmen k\u00f6nnen.<\/p>\n\n\t\t<style type=\"text\/css\">\n\t\t\t#gallery-1 {\n\t\t\t\tmargin: auto;\n\t\t\t}\n\t\t\t#gallery-1 .gallery-item {\n\t\t\t\tfloat: left;\n\t\t\t\tmargin-top: 10px;\n\t\t\t\ttext-align: center;\n\t\t\t\twidth: 20%;\n\t\t\t}\n\t\t\t#gallery-1 img {\n\t\t\t\tborder: 2px solid #cfcfcf;\n\t\t\t}\n\t\t\t#gallery-1 .gallery-caption {\n\t\t\t\tmargin-left: 0;\n\t\t\t}\n\t\t\t\/* see gallery_shortcode() in wp-includes\/media.php *\/\n\t\t<\/style>\n\t\t<div id='gallery-1' class='gallery galleryid-2441 gallery-columns-5 gallery-size-thumbnail'><dl class='gallery-item'>\n\t\t\t<dt class='gallery-icon portrait'>\n\t\t\t\t<a href='https:\/\/www.sv-karlsdorf.de\/?attachment_id=2452'><img loading=\"lazy\" decoding=\"async\" width=\"150\" height=\"150\" src=\"https:\/\/www.sv-karlsdorf.de\/wp-content\/uploads\/2017\/02\/leonieUemely-150x150.png\" class=\"attachment-thumbnail size-thumbnail\" alt=\"\" aria-describedby=\"gallery-1-2452\" \/><\/a>\n\t\t\t<\/dt>\n\t\t\t\t<dd class='wp-caption-text gallery-caption' id='gallery-1-2452'>\n\t\t\t\tLeonie (links) &#038; Emely (rechts)\n\t\t\t\t<\/dd><\/dl><dl class='gallery-item'>\n\t\t\t<dt class='gallery-icon portrait'>\n\t\t\t\t<a href='https:\/\/www.sv-karlsdorf.de\/?attachment_id=2450'><img loading=\"lazy\" decoding=\"async\" width=\"150\" height=\"150\" src=\"https:\/\/www.sv-karlsdorf.de\/wp-content\/uploads\/2017\/02\/darko-150x150.png\" class=\"attachment-thumbnail size-thumbnail\" alt=\"\" aria-describedby=\"gallery-1-2450\" \/><\/a>\n\t\t\t<\/dt>\n\t\t\t\t<dd class='wp-caption-text gallery-caption' id='gallery-1-2450'>\n\t\t\t\tDarko\n\t\t\t\t<\/dd><\/dl><dl class='gallery-item'>\n\t\t\t<dt class='gallery-icon portrait'>\n\t\t\t\t<a href='https:\/\/www.sv-karlsdorf.de\/?attachment_id=2451'><img loading=\"lazy\" decoding=\"async\" width=\"150\" height=\"150\" src=\"https:\/\/www.sv-karlsdorf.de\/wp-content\/uploads\/2017\/02\/fabian-150x150.png\" class=\"attachment-thumbnail size-thumbnail\" alt=\"\" aria-describedby=\"gallery-1-2451\" \/><\/a>\n\t\t\t<\/dt>\n\t\t\t\t<dd class='wp-caption-text gallery-caption' id='gallery-1-2451'>\n\t\t\t\tFabian\n\t\t\t\t<\/dd><\/dl>\n\t\t\t<br style='clear: both' \/>\n\t\t<\/div>\n\n","protected":false},"excerpt":{"rendered":"<p>Neuwahlen bei der Sch\u00fctzenjugend Am 22.12.2016 fand die Jugendvollversammlung mit folgendem Ergebnis statt: 1. Jugendleiter: Klaus Seeland, Stellvertreter: Kevin Rabenstein, Jugendkassierer: Fabian Kramer, Schriftf\u00fchrerin: Emely Stober, Jugendsprecher: Darko Antovski, Jugendsprecherin: Leonie Graupner. Ein besonderer Dank ging an Ralf Drach, f\u00fcr die langj\u00e4hrige Unterst\u00fctzung unserer Sch\u00fctzenjugend. Nach der Vollversammlung gingen die 15 anwesenden Jugendlichen dann zum gem\u00fctlichen Teil \u00fcber, dem Jahresabschlussgrillen.<\/p>\n","protected":false},"author":5,"featured_media":0,"comment_status":"closed","ping_status":"open","sticky":false,"template":"","format":"standard","meta":{"footnotes":""},"categories":[5],"tags":[],"class_list":["post-2441","post","type-post","status-publish","format-standard","hentry","category-news"],"_links":{"self":[{"href":"https:\/\/www.sv-karlsdorf.de\/index.php?rest_route=\/wp\/v2\/posts\/2441","targetHints":{"allow":["GET"]}}],"collection":[{"href":"https:\/\/www.sv-karlsdorf.de\/index.php?rest_route=\/wp\/v2\/posts"}],"about":[{"href":"https:\/\/www.sv-karlsdorf.de\/index.php?rest_route=\/wp\/v2\/types\/post"}],"author":[{"embeddable":true,"href":"https:\/\/www.sv-karlsdorf.de\/index.php?rest_route=\/wp\/v2\/users\/5"}],"replies":[{"embeddable":true,"href":"https:\/\/www.sv-karlsdorf.de\/index.php?rest_route=%2Fwp%2Fv2%2Fcomments&post=2441"}],"version-history":[{"count":1,"href":"https:\/\/www.sv-karlsdorf.de\/index.php?rest_route=\/wp\/v2\/posts\/2441\/revisions"}],"predecessor-version":[{"id":3819,"href":"https:\/\/www.sv-karlsdorf.de\/index.php?rest_route=\/wp\/v2\/posts\/2441\/revisions\/3819"}],"wp:attachment":[{"href":"https:\/\/www.sv-karlsdorf.de\/index.php?rest_route=%2Fwp%2Fv2%2Fmedia&parent=2441"}],"wp:term":[{"taxonomy":"category","embeddable":true,"href":"https:\/\/www.sv-karlsdorf.de\/index.php?rest_route=%2Fwp%2Fv2%2Fcategories&post=2441"},{"taxonomy":"post_tag","embeddable":true,"href":"https:\/\/www.sv-karlsdorf.de\/index.php?rest_route=%2Fwp%2Fv2%2Ftags&post=2441"}],"curies":[{"name":"wp","href":"https:\/\/api.w.org\/{rel}","templated":true}]}}