{"id":2689,"date":"2017-03-14T13:06:38","date_gmt":"2017-03-14T12:06:38","guid":{"rendered":"http:\/\/cms.sv-karlsdorf.de\/?p=2689"},"modified":"2021-03-18T17:27:28","modified_gmt":"2021-03-18T16:27:28","slug":"erfolgreiches-wochenende-fuer-die-jugend-2","status":"publish","type":"post","link":"https:\/\/www.sv-karlsdorf.de\/?p=2689","title":{"rendered":"Erfolgreiches Wochenende f\u00fcr die Jugend"},"content":{"rendered":"<p style=\"text-align: justify;\">Die Sch\u00fctzen, <strong>Jonathan Brecht, Leonard Fischer, Nico Rabenstein, Emely Stober, und Nicolas Veith<\/strong> bringen den Spiegel zur\u00fcck nach Karlsdorf.\u00a0Sie <strong>gewannen<\/strong> die letzen beiden Wettk\u00e4mpfe gegen den KKS Hambr\u00fccken und den KKS Stein a.K. I und somit auch die <strong>Badische\u00a0Jugendliga<\/strong>.<\/p>\n<p style=\"text-align: justify;\">Wunderbare Leistung!<\/p>\n<p style=\"text-align: justify;\"><img loading=\"lazy\" decoding=\"async\" class=\"aligncenter wp-image-2690 size-large\" src=\"https:\/\/sv-karlsdorf.de\/wp-content\/uploads\/2017\/03\/bjl-homepage-min-1024x576.jpg\" alt=\"\" width=\"605\" height=\"340\" srcset=\"https:\/\/www.sv-karlsdorf.de\/wp-content\/uploads\/2017\/03\/bjl-homepage-min-1024x576.jpg 1024w, https:\/\/www.sv-karlsdorf.de\/wp-content\/uploads\/2017\/03\/bjl-homepage-min-300x169.jpg 300w, https:\/\/www.sv-karlsdorf.de\/wp-content\/uploads\/2017\/03\/bjl-homepage-min-768x432.jpg 768w, https:\/\/www.sv-karlsdorf.de\/wp-content\/uploads\/2017\/03\/bjl-homepage-min-1536x864.jpg 1536w, https:\/\/www.sv-karlsdorf.de\/wp-content\/uploads\/2017\/03\/bjl-homepage-min-2048x1152.jpg 2048w, https:\/\/www.sv-karlsdorf.de\/wp-content\/uploads\/2017\/03\/bjl-homepage-min-1200x675.jpg 1200w, https:\/\/www.sv-karlsdorf.de\/wp-content\/uploads\/2017\/03\/bjl-homepage-min-1980x1114.jpg 1980w\" sizes=\"auto, (max-width: 605px) 100vw, 605px\" \/><\/p>\n<p style=\"text-align: justify;\">Auch unserem Sch\u00fctzen <strong>Darko Antovski<\/strong> ist zu gratulieren. Er trat f\u00fcr den KKS Hambr\u00fccken an, dessen Mannschaft den dritten Platz belegte.<\/p>\n<p style=\"text-align: justify;\">Die Ergebnisse sind\u00a0<a href=\"http:\/\/sv-karlsdorf.de\/?page_id=2507\" target=\"_blank\" rel=\"noopener noreferrer\">hier<\/a>, oder auf der offiziellen Seite der <a href=\"http:\/\/www.bsvjugend.de\/badische-jugendliga-2017\/\" target=\"_blank\" rel=\"noopener noreferrer\">BSV Jugend<\/a> zu finden<\/p>\n","protected":false},"excerpt":{"rendered":"<p>Die Sch\u00fctzen, Jonathan Brecht, Leonard Fischer, Nico Rabenstein, Emely Stober, und Nicolas Veith bringen den Spiegel zur\u00fcck nach Karlsdorf.\u00a0Sie gewannen die letzen beiden Wettk\u00e4mpfe gegen den KKS Hambr\u00fccken und den KKS Stein a.K. I und somit auch die Badische\u00a0Jugendliga. Wunderbare Leistung! Auch unserem Sch\u00fctzen Darko Antovski ist zu gratulieren. Er trat f\u00fcr den KKS Hambr\u00fccken an, dessen Mannschaft den dritten<\/p>\n","protected":false},"author":5,"featured_media":0,"comment_status":"closed","ping_status":"open","sticky":false,"template":"","format":"standard","meta":{"footnotes":""},"categories":[2,4],"tags":[],"class_list":["post-2689","post","type-post","status-publish","format-standard","hentry","category-jugend","category-sport"],"_links":{"self":[{"href":"https:\/\/www.sv-karlsdorf.de\/index.php?rest_route=\/wp\/v2\/posts\/2689","targetHints":{"allow":["GET"]}}],"collection":[{"href":"https:\/\/www.sv-karlsdorf.de\/index.php?rest_route=\/wp\/v2\/posts"}],"about":[{"href":"https:\/\/www.sv-karlsdorf.de\/index.php?rest_route=\/wp\/v2\/types\/post"}],"author":[{"embeddable":true,"href":"https:\/\/www.sv-karlsdorf.de\/index.php?rest_route=\/wp\/v2\/users\/5"}],"replies":[{"embeddable":true,"href":"https:\/\/www.sv-karlsdorf.de\/index.php?rest_route=%2Fwp%2Fv2%2Fcomments&post=2689"}],"version-history":[{"count":2,"href":"https:\/\/www.sv-karlsdorf.de\/index.php?rest_route=\/wp\/v2\/posts\/2689\/revisions"}],"predecessor-version":[{"id":3815,"href":"https:\/\/www.sv-karlsdorf.de\/index.php?rest_route=\/wp\/v2\/posts\/2689\/revisions\/3815"}],"wp:attachment":[{"href":"https:\/\/www.sv-karlsdorf.de\/index.php?rest_route=%2Fwp%2Fv2%2Fmedia&parent=2689"}],"wp:term":[{"taxonomy":"category","embeddable":true,"href":"https:\/\/www.sv-karlsdorf.de\/index.php?rest_route=%2Fwp%2Fv2%2Fcategories&post=2689"},{"taxonomy":"post_tag","embeddable":true,"href":"https:\/\/www.sv-karlsdorf.de\/index.php?rest_route=%2Fwp%2Fv2%2Ftags&post=2689"}],"curies":[{"name":"wp","href":"https:\/\/api.w.org\/{rel}","templated":true}]}}