{"id":2720,"date":"2017-04-02T13:03:14","date_gmt":"2017-04-02T11:03:14","guid":{"rendered":"http:\/\/cms.sv-karlsdorf.de\/?p=2720"},"modified":"2021-03-18T17:35:13","modified_gmt":"2021-03-18T16:35:13","slug":"news-winterfeier-beim-schuetzenverein-karlsdorf","status":"publish","type":"post","link":"https:\/\/www.sv-karlsdorf.de\/?p=2720","title":{"rendered":"News: Winterfeier beim Sch\u00fctzenverein Karlsdorf"},"content":{"rendered":"<p style=\"text-align: justify;\">Am 18. M\u00e4rz fand im gut besuchten Sch\u00fctzenhaus die Winterfeier 2017 statt, bei der u.a. auch unsere erfolgreichen Sportsch\u00fctzen geehrt wurden. Verwaltungsleiter Rene Schuhmacher er\u00f6ffnete den Abend um dann gleich das Wort an unseren Arno Kramer weiterzugeben, der als guter Conferencier&nbsp; durch das Programm f\u00fchrte. Die Ehrungen der Sportsch\u00fctzinnen und Sportsch\u00fctzen nahm unser Sportleiter Ulrich Schlindwein vor.<\/p>\n<p style=\"text-align: justify;\"><img loading=\"lazy\" decoding=\"async\" src=\"https:\/\/sv-karlsdorf.de\/wp-content\/uploads\/2017\/04\/1Winterfeier1617.jpg\" alt=\"Winterfeier_1617\" width=\"1386\" height=\"1038\"><\/p>\n<p style=\"text-align: justify;\">Gest\u00e4rkt nach einem guten kalt warmen Buffet wurden die Sieger im K\u00f6nigsschie\u00dfen geehrt.<\/p>\n<p style=\"text-align: justify;\">Bei der Jugend hie\u00df die Sch\u00fctzenk\u00f6nigin Leonie Graupner, begleitet von den Prinzessinnen Vasiliki Pampoukidou und Emely Stober. Jugendsch\u00fctzenk\u00f6nig wurde Darko Antovski begleitet von den Prinzen Nico Rabenstein und Jonathan Brecht. Sch\u00fctzenk\u00f6nigin wurde Sabine Gamer, assistiert von den Hofdamen Chiara Utzeri und Angelika Stober. Sch\u00fctzenk\u00f6nig wurde Peter St\u00fccke, assistiert von den Rittern Bernhard Scheid und Torsten Marcziniak.<\/p>\n<p><img loading=\"lazy\" decoding=\"async\" src=\"https:\/\/sv-karlsdorf.de\/wp-content\/uploads\/2017\/04\/2Winterfeier1617.jpg\" alt=\"Winterfeier_1617_2\" width=\"1386\" height=\"1038\"><\/p>\n<p style=\"text-align: justify;\">Die Jugendsch\u00fctzenk\u00f6nige\/innen 2017 mit ihrem Jugendleiter<\/p>\n<p style=\"text-align: justify;\">Neben den Vereinsmeistern in den verschiedenen Disziplinen wurden auch die Teilnehmer bei den Deutschen Meisterschaften 2016 in M\u00fcnchen geehrt. Es haben sich 17 Sportsch\u00fctzinnen und Sportsch\u00fctzen qualifiziert. Arno Kramer hat in M\u00fcnchen einen hervorragenden 4. Platz erzielt und dabei das Podest nur um 2 Ringe verfehlt. Alle Sportlerinnen und Sportler hielten von den Mitgliedern f\u00fcr ihre&nbsp; guten Leistungen den geb\u00fchrenden Applaus.<\/p>\n<p style=\"text-align: justify;\">Eine besondere \u00dcberraschung hatte Arno Kramer parat, als er eine Tombola ank\u00fcndigte. Der&nbsp; Sieger durfte unserem allseits beliebten und gesch\u00e4tztem Jugendleiter Klaus Seeland einen Teil seines langen&nbsp; Bartes&nbsp; abschneiden. Der erstaunliche Erl\u00f6s kam voll der Jugendkasse zugute. F\u00fcr seine Sch\u00fctzenjugend gibt unser Klaus sogar einen Teil seiner geliebten Bartracht her.<\/p>\n<p style=\"text-align: justify;\">Nach vielen guten Gespr\u00e4chen bei bester Stimmung ging ein sch\u00f6ner Vereinsabend zu Ende.<\/p>\n","protected":false},"excerpt":{"rendered":"<p>Am 18. M\u00e4rz fand im gut besuchten Sch\u00fctzenhaus die Winterfeier 2017 statt, bei der u.a. auch unsere erfolgreichen Sportsch\u00fctzen geehrt wurden. Verwaltungsleiter Rene Schuhmacher er\u00f6ffnete den Abend um dann gleich das Wort an unseren Arno Kramer weiterzugeben, der als guter Conferencier&nbsp; durch das Programm f\u00fchrte. Die Ehrungen der Sportsch\u00fctzinnen und Sportsch\u00fctzen nahm unser Sportleiter Ulrich Schlindwein vor. Gest\u00e4rkt nach einem<\/p>\n","protected":false},"author":5,"featured_media":0,"comment_status":"closed","ping_status":"open","sticky":false,"template":"","format":"standard","meta":{"footnotes":""},"categories":[5],"tags":[],"class_list":["post-2720","post","type-post","status-publish","format-standard","hentry","category-news"],"_links":{"self":[{"href":"https:\/\/www.sv-karlsdorf.de\/index.php?rest_route=\/wp\/v2\/posts\/2720","targetHints":{"allow":["GET"]}}],"collection":[{"href":"https:\/\/www.sv-karlsdorf.de\/index.php?rest_route=\/wp\/v2\/posts"}],"about":[{"href":"https:\/\/www.sv-karlsdorf.de\/index.php?rest_route=\/wp\/v2\/types\/post"}],"author":[{"embeddable":true,"href":"https:\/\/www.sv-karlsdorf.de\/index.php?rest_route=\/wp\/v2\/users\/5"}],"replies":[{"embeddable":true,"href":"https:\/\/www.sv-karlsdorf.de\/index.php?rest_route=%2Fwp%2Fv2%2Fcomments&post=2720"}],"version-history":[{"count":3,"href":"https:\/\/www.sv-karlsdorf.de\/index.php?rest_route=\/wp\/v2\/posts\/2720\/revisions"}],"predecessor-version":[{"id":3823,"href":"https:\/\/www.sv-karlsdorf.de\/index.php?rest_route=\/wp\/v2\/posts\/2720\/revisions\/3823"}],"wp:attachment":[{"href":"https:\/\/www.sv-karlsdorf.de\/index.php?rest_route=%2Fwp%2Fv2%2Fmedia&parent=2720"}],"wp:term":[{"taxonomy":"category","embeddable":true,"href":"https:\/\/www.sv-karlsdorf.de\/index.php?rest_route=%2Fwp%2Fv2%2Fcategories&post=2720"},{"taxonomy":"post_tag","embeddable":true,"href":"https:\/\/www.sv-karlsdorf.de\/index.php?rest_route=%2Fwp%2Fv2%2Ftags&post=2720"}],"curies":[{"name":"wp","href":"https:\/\/api.w.org\/{rel}","templated":true}]}}