{"id":2771,"date":"2017-06-06T10:02:30","date_gmt":"2017-06-06T08:02:30","guid":{"rendered":"http:\/\/cms.sv-karlsdorf.de\/?p=2771"},"modified":"2021-03-18T17:25:01","modified_gmt":"2021-03-18T16:25:01","slug":"die-schuetzenjugend-sagt-danke","status":"publish","type":"post","link":"https:\/\/www.sv-karlsdorf.de\/?p=2771","title":{"rendered":"Die Sch\u00fctzenjugend sagt Danke"},"content":{"rendered":"<p style=\"text-align: justify;\">Die Sch\u00fctzenjugend sagt allen Besuchern, Mitgliedern und G\u00f6nnern des Sch\u00fctzenvereins, die unser Vatertagfest im Sch\u00fctzenhaus im Kammerforst besucht haben, herzlichen Dank f\u00fcr Ihren Besuch und Ihre Unterst\u00fctzung.<\/p>\n<p style=\"text-align: justify;\">Ganz besonders danken wir allen Helfern beim Auf- und Abbau und all den Personen, die uns in vielf\u00e4ltiger Weise geholfen haben.<\/p>\n","protected":false},"excerpt":{"rendered":"<p>Die Sch\u00fctzenjugend sagt allen Besuchern, Mitgliedern und G\u00f6nnern des Sch\u00fctzenvereins, die unser Vatertagfest im Sch\u00fctzenhaus im Kammerforst besucht haben, herzlichen Dank f\u00fcr Ihren Besuch und Ihre Unterst\u00fctzung. Ganz besonders danken wir allen Helfern beim Auf- und Abbau und all den Personen, die uns in vielf\u00e4ltiger Weise geholfen haben.<\/p>\n","protected":false},"author":5,"featured_media":0,"comment_status":"closed","ping_status":"open","sticky":false,"template":"","format":"standard","meta":{"footnotes":""},"categories":[2],"tags":[],"class_list":["post-2771","post","type-post","status-publish","format-standard","hentry","category-jugend"],"_links":{"self":[{"href":"https:\/\/www.sv-karlsdorf.de\/index.php?rest_route=\/wp\/v2\/posts\/2771","targetHints":{"allow":["GET"]}}],"collection":[{"href":"https:\/\/www.sv-karlsdorf.de\/index.php?rest_route=\/wp\/v2\/posts"}],"about":[{"href":"https:\/\/www.sv-karlsdorf.de\/index.php?rest_route=\/wp\/v2\/types\/post"}],"author":[{"embeddable":true,"href":"https:\/\/www.sv-karlsdorf.de\/index.php?rest_route=\/wp\/v2\/users\/5"}],"replies":[{"embeddable":true,"href":"https:\/\/www.sv-karlsdorf.de\/index.php?rest_route=%2Fwp%2Fv2%2Fcomments&post=2771"}],"version-history":[{"count":1,"href":"https:\/\/www.sv-karlsdorf.de\/index.php?rest_route=\/wp\/v2\/posts\/2771\/revisions"}],"predecessor-version":[{"id":3811,"href":"https:\/\/www.sv-karlsdorf.de\/index.php?rest_route=\/wp\/v2\/posts\/2771\/revisions\/3811"}],"wp:attachment":[{"href":"https:\/\/www.sv-karlsdorf.de\/index.php?rest_route=%2Fwp%2Fv2%2Fmedia&parent=2771"}],"wp:term":[{"taxonomy":"category","embeddable":true,"href":"https:\/\/www.sv-karlsdorf.de\/index.php?rest_route=%2Fwp%2Fv2%2Fcategories&post=2771"},{"taxonomy":"post_tag","embeddable":true,"href":"https:\/\/www.sv-karlsdorf.de\/index.php?rest_route=%2Fwp%2Fv2%2Ftags&post=2771"}],"curies":[{"name":"wp","href":"https:\/\/api.w.org\/{rel}","templated":true}]}}