{"id":3041,"date":"2018-03-12T18:50:18","date_gmt":"2018-03-12T17:50:18","guid":{"rendered":"http:\/\/cms.sv-karlsdorf.de\/?p=3041"},"modified":"2021-03-18T18:08:48","modified_gmt":"2021-03-18T17:08:48","slug":"winterfeier-beim-schuetzenverein-karlsdorf","status":"publish","type":"post","link":"https:\/\/www.sv-karlsdorf.de\/?p=3041","title":{"rendered":"Winterfeier beim Sch\u00fctzenverein Karlsdorf"},"content":{"rendered":"<p style=\"text-align: justify;\">Eine Woche nach der Jahreshauptversammlung war am Samstag, den 24.02.2018, das Sch\u00fctzenhaus schon wieder gut besucht, denn dieses Mal war\u00a0die Winterfeier angesagt.<\/p>\n<p style=\"text-align: justify;\">Nach einem Sektempfang, der von unseren Damen Liane Keim und Annette\u00a0St\u00fccke bestens organisiert war, konnte unser Obersch\u00fctzenmeister und\u00a0Verwaltungsleiter Erwin Schmitteckert die Sch\u00fctzengemeinschaft begr\u00fc\u00dfen und den Verlauf des Abends bekannt geben.<\/p>\n<p style=\"text-align: justify;\">Nach dem gemeinsamen Abendessen wurden unsere Sportsch\u00fctzinnen und\u00a0Sportsch\u00fctzen entsprechend geb\u00fchrend geehrt.<\/p>\n<p style=\"text-align: justify;\">Warum der Bericht unseres Sportleiters Ulrich Schlindwein, bei der Jahreshauptversammlung der l\u00e4ngste war, sah man nun auf der B\u00fchne.<\/p>\n<p><img loading=\"lazy\" decoding=\"async\" src=\"https:\/\/sv-karlsdorf.de\/wp-content\/uploads\/2018\/03\/wf18.01.png\" alt=\"\" width=\"716\" height=\"539\" \/><\/p>\n<p style=\"text-align: justify;\">Ein kleiner Teil unserer geehrten Sportsch\u00fctzen.\u00a0Die Zahl unserer geehrten Sportlerinnen und Sportler bei den Vereinsmeisterschaften, Kreismeisterschaften , Landesmeisterschaften und Teilnehmern bei den Deutschen Meisterschaften in M\u00fcnchen war so gro\u00df, dass\u00a0die Ehrungen in mehreren Runden und mit Unterst\u00fctzung unseres\u00a0Obersch\u00fctzenmeisters durchgef\u00fchrt werden mussten.\u00a0Ulrich Schlindwein dankte besonders allen Trainern, Eltern und sonstigen\u00a0Unterst\u00fctzern, die ma\u00dfgeblich dazu beigetragen haben, dass unsere Sportler\u00a0ihre Erfolge erringen konnten.<\/p>\n<p><img decoding=\"async\" src=\"https:\/\/sv-karlsdorf.de\/wp-content\/uploads\/2018\/03\/wf18.02.png\" \/><\/p>\n<p style=\"text-align: justify;\"><strong>Emely Stober, Sportlerin des Jahres, der Gemeinde Karlsdorf-Neuthard\u00a0<\/strong>wurde von Erwin Schmitteckert und UlrichSchlindwein ein besonderer Pokal vom Verein, mit Ihrem Bild darauf, berreicht.<\/p>\n<p style=\"text-align: justify;\">Nach einer Pause wurden dann die neuen Sch\u00fctzenk\u00f6nige proklamiert. F\u00fcr das\u00a0Jahr 2018 waren dies:<\/p>\n<p style=\"text-align: justify;\"><strong>Jugend:<\/strong><br \/>\n<strong>Sch\u00fctzenk\u00f6nigin : Vasiliki Pampoudikou,<\/strong><br \/>\n<strong>1. Prinzessin : Vanessa Huber, 2. Prinzessin : Leonie Graupner.<\/strong><\/p>\n<p style=\"text-align: justify;\"><strong>Sch\u00fctzenk\u00f6nig : Nico Rabenstein,<\/strong><br \/>\n<strong>1. Prinz : Darko Antovski, 2. Prinz : Paul Spengler.<\/strong><\/p>\n<p style=\"text-align: justify;\"><strong>Senioren:<\/strong><br \/>\n<strong>Sch\u00fctzenk\u00f6nigin : Chiara Utzeri,<\/strong><br \/>\n<strong>1. Hofdame : Sabine Gamer, 2. Hofdame : Liane Keim.<\/strong><\/p>\n<p style=\"text-align: justify;\"><strong>Sch\u00fctzenk\u00f6nig : Frank Herberger,<\/strong><br \/>\n<strong>1. Ritter : Mario Z\u00f6ller, 2. Ritter : Peter St\u00fccke.<\/strong><br \/>\nDanach war gem\u00fctliches Beisammensein angesagt und die Sch\u00fctzenmitglieder\u00a0konnten sich bis sp\u00e4t in die Nacht unterhalten und manche sch\u00f6ne\u00a0Geschichten in lustiger Runde erz\u00e4hlen. Jung und Alt hielten es sehr lange\u00a0miteinander aus. Die Winterfeier 2018 war eine runde Sache.<\/p>\n","protected":false},"excerpt":{"rendered":"<p>Eine Woche nach der Jahreshauptversammlung war am Samstag, den 24.02.2018, das Sch\u00fctzenhaus schon wieder gut besucht, denn dieses Mal war\u00a0die Winterfeier angesagt. Nach einem Sektempfang, der von unseren Damen Liane Keim und Annette\u00a0St\u00fccke bestens organisiert war, konnte unser Obersch\u00fctzenmeister und\u00a0Verwaltungsleiter Erwin Schmitteckert die Sch\u00fctzengemeinschaft begr\u00fc\u00dfen und den Verlauf des Abends bekannt geben. Nach dem gemeinsamen Abendessen wurden unsere Sportsch\u00fctzinnen und\u00a0Sportsch\u00fctzen<\/p>\n","protected":false},"author":5,"featured_media":0,"comment_status":"closed","ping_status":"open","sticky":false,"template":"","format":"standard","meta":{"footnotes":""},"categories":[5,3],"tags":[],"class_list":["post-3041","post","type-post","status-publish","format-standard","hentry","category-news","category-verein"],"_links":{"self":[{"href":"https:\/\/www.sv-karlsdorf.de\/index.php?rest_route=\/wp\/v2\/posts\/3041","targetHints":{"allow":["GET"]}}],"collection":[{"href":"https:\/\/www.sv-karlsdorf.de\/index.php?rest_route=\/wp\/v2\/posts"}],"about":[{"href":"https:\/\/www.sv-karlsdorf.de\/index.php?rest_route=\/wp\/v2\/types\/post"}],"author":[{"embeddable":true,"href":"https:\/\/www.sv-karlsdorf.de\/index.php?rest_route=\/wp\/v2\/users\/5"}],"replies":[{"embeddable":true,"href":"https:\/\/www.sv-karlsdorf.de\/index.php?rest_route=%2Fwp%2Fv2%2Fcomments&post=3041"}],"version-history":[{"count":2,"href":"https:\/\/www.sv-karlsdorf.de\/index.php?rest_route=\/wp\/v2\/posts\/3041\/revisions"}],"predecessor-version":[{"id":3887,"href":"https:\/\/www.sv-karlsdorf.de\/index.php?rest_route=\/wp\/v2\/posts\/3041\/revisions\/3887"}],"wp:attachment":[{"href":"https:\/\/www.sv-karlsdorf.de\/index.php?rest_route=%2Fwp%2Fv2%2Fmedia&parent=3041"}],"wp:term":[{"taxonomy":"category","embeddable":true,"href":"https:\/\/www.sv-karlsdorf.de\/index.php?rest_route=%2Fwp%2Fv2%2Fcategories&post=3041"},{"taxonomy":"post_tag","embeddable":true,"href":"https:\/\/www.sv-karlsdorf.de\/index.php?rest_route=%2Fwp%2Fv2%2Ftags&post=3041"}],"curies":[{"name":"wp","href":"https:\/\/api.w.org\/{rel}","templated":true}]}}