{"id":3285,"date":"2018-11-21T14:59:36","date_gmt":"2018-11-21T13:59:36","guid":{"rendered":"http:\/\/cms.sv-karlsdorf.de\/?p=3285"},"modified":"2021-03-18T17:55:25","modified_gmt":"2021-03-18T16:55:25","slug":"darko-antovski-zweitbester-jugendschuetzenkoenig-des-badischen-sportschuetzenverbandes","status":"publish","type":"post","link":"https:\/\/www.sv-karlsdorf.de\/?p=3285","title":{"rendered":"Darko Antovski zweitbester Jugendsch\u00fctzenk\u00f6nig des Badischen Sportsch\u00fctzenverbandes"},"content":{"rendered":"<div style=\"width: 1050px\" class=\"wp-caption alignnone\"><img loading=\"lazy\" decoding=\"async\" src=\"https:\/\/sv-karlsdorf.de\/wp-content\/uploads\/2018\/11\/lkb1-e1542808431643.jpg\" alt=\"\" width=\"1040\" height=\"1387\" \/><p class=\"wp-caption-text\">Unsere Majest\u00e4ten 2018 Vasiliki Pampoukidou, Nico Rabenstein und Frank Herberger ( v.l.n.r. )<\/p><\/div>\n<p style=\"text-align: justify;\">Unser Jugendsch\u00fctze Darko Antovski erreichte mit einem Teiler von 19,2 , mit der Luftpistole !, einen hervorragenden zweiten Platz aller in Baden an den Start gegangenen Jugendsportsch\u00fctzen.<\/p>\n<p style=\"text-align: justify;\"><img loading=\"lazy\" decoding=\"async\" src=\"https:\/\/sv-karlsdorf.de\/wp-content\/uploads\/2018\/11\/lkb2.jpg\" alt=\"\" width=\"1200\" height=\"1599\" \/><\/p>\n<p style=\"text-align: justify;\"><strong>Der Sch\u00fctzenverein gratuliert Darko Antovski \u00a0f\u00fcr sein hervorragendes Ergebnis und der gesamten\u00a0 Sch\u00fctzenjugend, mit ihrem Jugendleiter Klaus Seeland, f\u00fcr ihre permanenten Erfolge.<\/strong><\/p>\n<p style=\"text-align: justify;\">Wie berichtet, hat unsere Luftpistolenmannschaft in der Juniorenklasse beim Kreisjugendpokal 2018 am 20.10.2018 mit Darko Antovski, Nico Rabenstein und Leonie Graupner\u00a0 den 1. Platz belegt.<\/p>\n<p style=\"text-align: justify;\">Unsere Sch\u00fctzenjugend ist weit \u00fcber den Sportkreis hinaus\u00a0 f\u00fcr ihre guten Sportsch\u00fctzen\/innen bekannt.<\/p>\n<p style=\"text-align: justify;\">Wir w\u00fcnschen weiterhin \u201eGut Schuss\u201c.<\/p>\n\n\t\t<style type=\"text\/css\">\n\t\t\t#gallery-1 {\n\t\t\t\tmargin: auto;\n\t\t\t}\n\t\t\t#gallery-1 .gallery-item {\n\t\t\t\tfloat: left;\n\t\t\t\tmargin-top: 10px;\n\t\t\t\ttext-align: center;\n\t\t\t\twidth: 33%;\n\t\t\t}\n\t\t\t#gallery-1 img {\n\t\t\t\tborder: 2px solid #cfcfcf;\n\t\t\t}\n\t\t\t#gallery-1 .gallery-caption {\n\t\t\t\tmargin-left: 0;\n\t\t\t}\n\t\t\t\/* see gallery_shortcode() in wp-includes\/media.php *\/\n\t\t<\/style>\n\t\t<div id='gallery-1' class='gallery galleryid-3285 gallery-columns-3 gallery-size-thumbnail'><dl class='gallery-item'>\n\t\t\t<dt class='gallery-icon portrait'>\n\t\t\t\t<a href='https:\/\/www.sv-karlsdorf.de\/?attachment_id=3299'><img loading=\"lazy\" decoding=\"async\" width=\"150\" height=\"150\" src=\"https:\/\/www.sv-karlsdorf.de\/wp-content\/uploads\/2018\/11\/IMG_20181117_231532-150x150.jpg\" class=\"attachment-thumbnail size-thumbnail\" alt=\"\" \/><\/a>\n\t\t\t<\/dt><\/dl><dl class='gallery-item'>\n\t\t\t<dt class='gallery-icon portrait'>\n\t\t\t\t<a href='https:\/\/www.sv-karlsdorf.de\/?attachment_id=3295'><img loading=\"lazy\" decoding=\"async\" width=\"150\" height=\"150\" src=\"https:\/\/www.sv-karlsdorf.de\/wp-content\/uploads\/2018\/11\/IMG_20181117_202519-150x150.jpg\" class=\"attachment-thumbnail size-thumbnail\" alt=\"\" \/><\/a>\n\t\t\t<\/dt><\/dl><dl class='gallery-item'>\n\t\t\t<dt class='gallery-icon portrait'>\n\t\t\t\t<a href='https:\/\/www.sv-karlsdorf.de\/?attachment_id=3298'><img loading=\"lazy\" decoding=\"async\" width=\"150\" height=\"150\" src=\"https:\/\/www.sv-karlsdorf.de\/wp-content\/uploads\/2018\/11\/IMG_20181117_231607-150x150.jpg\" class=\"attachment-thumbnail size-thumbnail\" alt=\"\" \/><\/a>\n\t\t\t<\/dt><\/dl><br style=\"clear: both\" \/><dl class='gallery-item'>\n\t\t\t<dt class='gallery-icon landscape'>\n\t\t\t\t<a href='https:\/\/www.sv-karlsdorf.de\/?attachment_id=3301'><img loading=\"lazy\" decoding=\"async\" width=\"150\" height=\"150\" src=\"https:\/\/www.sv-karlsdorf.de\/wp-content\/uploads\/2018\/11\/IMG_20181117_212903-150x150.jpg\" class=\"attachment-thumbnail size-thumbnail\" alt=\"\" \/><\/a>\n\t\t\t<\/dt><\/dl><dl class='gallery-item'>\n\t\t\t<dt class='gallery-icon landscape'>\n\t\t\t\t<a href='https:\/\/www.sv-karlsdorf.de\/?attachment_id=3300'><img loading=\"lazy\" decoding=\"async\" width=\"150\" height=\"150\" src=\"https:\/\/www.sv-karlsdorf.de\/wp-content\/uploads\/2018\/11\/IMG_20181117_212838-150x150.jpg\" class=\"attachment-thumbnail size-thumbnail\" alt=\"\" \/><\/a>\n\t\t\t<\/dt><\/dl><dl class='gallery-item'>\n\t\t\t<dt class='gallery-icon landscape'>\n\t\t\t\t<a href='https:\/\/www.sv-karlsdorf.de\/?attachment_id=3296'><img loading=\"lazy\" decoding=\"async\" width=\"150\" height=\"150\" src=\"https:\/\/www.sv-karlsdorf.de\/wp-content\/uploads\/2018\/11\/IMG_20181117_211146-150x150.jpg\" class=\"attachment-thumbnail size-thumbnail\" alt=\"\" \/><\/a>\n\t\t\t<\/dt><\/dl><br style=\"clear: both\" \/>\n\t\t<\/div>\n\n","protected":false},"excerpt":{"rendered":"<p>Unser Jugendsch\u00fctze Darko Antovski erreichte mit einem Teiler von 19,2 , mit der Luftpistole !, einen hervorragenden zweiten Platz aller in Baden an den Start gegangenen Jugendsportsch\u00fctzen. Der Sch\u00fctzenverein gratuliert Darko Antovski \u00a0f\u00fcr sein hervorragendes Ergebnis und der gesamten\u00a0 Sch\u00fctzenjugend, mit ihrem Jugendleiter Klaus Seeland, f\u00fcr ihre permanenten Erfolge. Wie berichtet, hat unsere Luftpistolenmannschaft in der Juniorenklasse beim Kreisjugendpokal 2018<\/p>\n","protected":false},"author":5,"featured_media":0,"comment_status":"closed","ping_status":"open","sticky":false,"template":"","format":"standard","meta":{"footnotes":""},"categories":[2,5,4],"tags":[],"class_list":["post-3285","post","type-post","status-publish","format-standard","hentry","category-jugend","category-news","category-sport"],"_links":{"self":[{"href":"https:\/\/www.sv-karlsdorf.de\/index.php?rest_route=\/wp\/v2\/posts\/3285","targetHints":{"allow":["GET"]}}],"collection":[{"href":"https:\/\/www.sv-karlsdorf.de\/index.php?rest_route=\/wp\/v2\/posts"}],"about":[{"href":"https:\/\/www.sv-karlsdorf.de\/index.php?rest_route=\/wp\/v2\/types\/post"}],"author":[{"embeddable":true,"href":"https:\/\/www.sv-karlsdorf.de\/index.php?rest_route=\/wp\/v2\/users\/5"}],"replies":[{"embeddable":true,"href":"https:\/\/www.sv-karlsdorf.de\/index.php?rest_route=%2Fwp%2Fv2%2Fcomments&post=3285"}],"version-history":[{"count":1,"href":"https:\/\/www.sv-karlsdorf.de\/index.php?rest_route=\/wp\/v2\/posts\/3285\/revisions"}],"predecessor-version":[{"id":3870,"href":"https:\/\/www.sv-karlsdorf.de\/index.php?rest_route=\/wp\/v2\/posts\/3285\/revisions\/3870"}],"wp:attachment":[{"href":"https:\/\/www.sv-karlsdorf.de\/index.php?rest_route=%2Fwp%2Fv2%2Fmedia&parent=3285"}],"wp:term":[{"taxonomy":"category","embeddable":true,"href":"https:\/\/www.sv-karlsdorf.de\/index.php?rest_route=%2Fwp%2Fv2%2Fcategories&post=3285"},{"taxonomy":"post_tag","embeddable":true,"href":"https:\/\/www.sv-karlsdorf.de\/index.php?rest_route=%2Fwp%2Fv2%2Ftags&post=3285"}],"curies":[{"name":"wp","href":"https:\/\/api.w.org\/{rel}","templated":true}]}}