{"id":3363,"date":"2019-03-09T20:38:28","date_gmt":"2019-03-09T19:38:28","guid":{"rendered":"http:\/\/cms.sv-karlsdorf.de\/?p=3363"},"modified":"2021-03-18T18:23:06","modified_gmt":"2021-03-18T17:23:06","slug":"winterfeier-2019","status":"publish","type":"post","link":"https:\/\/www.sv-karlsdorf.de\/?p=3363","title":{"rendered":"Winterfeier 2019"},"content":{"rendered":"\n<p><strong>Winterfeier  2019 beim\nSch\u00fctzenverein Karlsdorf<\/strong><\/p>\n\n\n\n<p>Unser <strong>Obersch\u00fctzenmeister<\/strong>\n<strong>Erwin Schmitteckert<\/strong>\nkonnte am 23.02.2019  nach dem Sektempfang, der von <strong>Liane\nKeim<\/strong> und <strong>Anette St\u00fccke\n<\/strong>wieder bestens organisiert war, eine gro\u00dfe\nSch\u00fctzengemeinschaft  im Sch\u00fctzenhaus begr\u00fc\u00dfen und den\nProgrammablauf bekannt geben. \n<\/p>\n\n\n\n<figure class=\"wp-block-image is-resized\"><img loading=\"lazy\" decoding=\"async\" src=\"https:\/\/sv-karlsdorf.de\/wp-content\/uploads\/2019\/03\/d1b0ed7f-f52b-4fcc-ac28-626abe23fda5-1-576x1024.jpg\" alt=\"\" class=\"wp-image-3398\" width=\"356\" height=\"633\" srcset=\"https:\/\/www.sv-karlsdorf.de\/wp-content\/uploads\/2019\/03\/d1b0ed7f-f52b-4fcc-ac28-626abe23fda5-1-576x1024.jpg 576w, https:\/\/www.sv-karlsdorf.de\/wp-content\/uploads\/2019\/03\/d1b0ed7f-f52b-4fcc-ac28-626abe23fda5-1-169x300.jpg 169w, https:\/\/www.sv-karlsdorf.de\/wp-content\/uploads\/2019\/03\/d1b0ed7f-f52b-4fcc-ac28-626abe23fda5-1-768x1365.jpg 768w, https:\/\/www.sv-karlsdorf.de\/wp-content\/uploads\/2019\/03\/d1b0ed7f-f52b-4fcc-ac28-626abe23fda5-1-864x1536.jpg 864w, https:\/\/www.sv-karlsdorf.de\/wp-content\/uploads\/2019\/03\/d1b0ed7f-f52b-4fcc-ac28-626abe23fda5-1.jpg 900w\" sizes=\"auto, (max-width: 356px) 100vw, 356px\" \/><figcaption>Erwin Schmitteckert<\/figcaption><\/figure>\n\n\n\n<p>Nachdem man sich am\nkalt-warmen Buffet gest\u00e4rkt hatte, wurden unsere erfolgreichen\nSportsch\u00fctzinnen und Sportsch\u00fctzen sowie unserer verdienten\nMitglieder geehrt. Aufgrund der zahlreichen sportlichen Erfolge\ngingen die Ehrungen in mehreren Runden und mit Unterst\u00fctzung unseres\n<strong>Sportleiters Ulrich Schlindwein<\/strong>\n\u00fcber die B\u00fchne.<\/p>\n\n\n\n<p>Bei\nVereinsmeisterschaften, Kreismeisterschaften und den Deutschen\nMeisterschaften in M\u00fcnchen waren unsere Sportlerinnen und Sportler\nbestens vertreten. Beim K\u00f6nigsschie\u00dfen 2019  waren dieses Jahr\nerfolgreich: \n<\/p>\n\n\n\n<p><strong>Jugendsch\u00fctzenk\u00f6nigin\n            <\/strong>               \n\t\t<strong>Jugendsch\u00fctzenk\u00f6nig<\/strong><\/p>\n\n\n\n<p><strong>Leonie\nGraupner\t\t<\/strong>\t\t\t\t<strong>Darko\nAntovski<\/strong><\/p>\n\n\n\n<p>1. Prinzessin                                                            1. Prinz<\/p>\n\n\n\n<p>Vasiliki Pampoukidou                                              Christian Geiger<\/p>\n\n\n\n<p>2.Prinzessin                                                             2. Prinz<\/p>\n\n\n\n<p>Vanessa Huber                                                        Noel Herberger<\/p>\n\n\n\n<p><strong>Sch\u00fctzenk\u00f6nigin <\/strong>                                                 <strong>Sch\u00fctzenk\u00f6nig<\/strong><\/p>\n\n\n\n<p><strong>Sabine Gamer                                                        Klaus Seeland<\/strong><\/p>\n\n\n\n<p>1. Hofdame                                                             1. Ritter<\/p>\n\n\n\n<p>Biborka Krafft                                                          Torsten Marcziniak<\/p>\n\n\n\n<p>2. Hofdame                                                              2. Ritter<\/p>\n\n\n\n<p>Chiara Utzeri                                                           Michael Stegm\u00fcller<\/p>\n\n\n\n<figure class=\"wp-block-image is-resized\"><img loading=\"lazy\" decoding=\"async\" src=\"https:\/\/sv-karlsdorf.de\/wp-content\/uploads\/2019\/03\/6ade701f-ad7d-4937-a1f6-801531464e17-1-1024x576.jpg\" alt=\"\" class=\"wp-image-3399\" width=\"678\" height=\"381\" srcset=\"https:\/\/www.sv-karlsdorf.de\/wp-content\/uploads\/2019\/03\/6ade701f-ad7d-4937-a1f6-801531464e17-1-1024x576.jpg 1024w, https:\/\/www.sv-karlsdorf.de\/wp-content\/uploads\/2019\/03\/6ade701f-ad7d-4937-a1f6-801531464e17-1-300x169.jpg 300w, https:\/\/www.sv-karlsdorf.de\/wp-content\/uploads\/2019\/03\/6ade701f-ad7d-4937-a1f6-801531464e17-1-768x432.jpg 768w, https:\/\/www.sv-karlsdorf.de\/wp-content\/uploads\/2019\/03\/6ade701f-ad7d-4937-a1f6-801531464e17-1-1536x864.jpg 1536w, https:\/\/www.sv-karlsdorf.de\/wp-content\/uploads\/2019\/03\/6ade701f-ad7d-4937-a1f6-801531464e17-1-1200x675.jpg 1200w, https:\/\/www.sv-karlsdorf.de\/wp-content\/uploads\/2019\/03\/6ade701f-ad7d-4937-a1f6-801531464e17-1.jpg 1600w\" sizes=\"auto, (max-width: 678px) 100vw, 678px\" \/><figcaption>v.l.n.r. Ulrich Schlindwein, Leonie Graupner, Sabine Gamer, Klaus Seeland, Darko Antovski, Erwin Schmitteckert<\/figcaption><\/figure>\n\n\n\n<p>F\u00fcr besondere Leistungen\nim Sch\u00fctzenverein Karlsdorf wurden geehrt:<\/p>\n\n\n\n<p><strong>Mit der silbernen\nVereinsnadel:<\/strong><\/p>\n\n\n\n<p><strong>Anton Kramer und Peter\nKraft.<\/strong><\/p>\n\n\n\n<p><strong>Mit der goldenen\nVereinsnadel:<\/strong><\/p>\n\n\n\n<p><strong>Michael Nagel.<\/strong><\/p>\n\n\n\n<p><strong>Ralf Drach <\/strong>wurde\naufgrund seiner langj\u00e4hrigen Dienste als Jugend und Vereinskassier\nzum<strong> Ehrenschatzmeister <\/strong>ernannt.<\/p>\n\n\n\n<p><strong>F\u00fcr 25 Jahre\nMitgliedschaft im SV Karlsdorf wurden geehrt<\/strong>:<\/p>\n\n\n\n<p><strong>Uwe Beiler, Manfred\nBeiz,  Dieter Day, Hans Reisig, Erwin Schmitteckert, Alexander Voigt,\nund Mario Z\u00f6ller.<\/strong><\/p>\n\n\n\n<p><strong>F\u00fcr 50 Jahre\nMitgliedschaft im SV Karlsdorf wurden geehrt:<\/strong><\/p>\n\n\n\n<p><strong>Eugen\nK\u00f6hler und Gerhard Schlindwein. <\/strong>\n<\/p>\n\n\n\n<p>Die Ehrungsrunden wurden\ndurch eine lustige Tombola unserer Sch\u00fctzenjugend unterbrochen, die\nder Jugendkasse zu Gute kam.<\/p>\n\n\n\n<p>Das Ehrungswesen wird auch\nin den n\u00e4chsten Jahren ein wichtiger Bestandteil unsere Winterfeier\nsein.<\/p>\n\n\n\n<p>Danach ging es zum\ngem\u00fctlichen Beisammensein \u00fcber und der sch\u00f6ne Abend klang mit\nguten Gespr\u00e4chen bei Jung und Alt in der Sch\u00fctzenfamilie aus.<\/p>\n","protected":false},"excerpt":{"rendered":"<p>Winterfeier 2019 beim Sch\u00fctzenverein Karlsdorf Unser Obersch\u00fctzenmeister Erwin Schmitteckert konnte am 23.02.2019 nach dem Sektempfang, der von Liane Keim und Anette St\u00fccke wieder bestens organisiert war, eine gro\u00dfe Sch\u00fctzengemeinschaft im Sch\u00fctzenhaus begr\u00fc\u00dfen und den Programmablauf bekannt geben. Nachdem man sich am kalt-warmen Buffet gest\u00e4rkt hatte, wurden unsere erfolgreichen Sportsch\u00fctzinnen und Sportsch\u00fctzen sowie unserer verdienten Mitglieder geehrt. Aufgrund der zahlreichen sportlichen<\/p>\n","protected":false},"author":5,"featured_media":0,"comment_status":"closed","ping_status":"open","sticky":false,"template":"","format":"standard","meta":{"footnotes":""},"categories":[5,3],"tags":[],"class_list":["post-3363","post","type-post","status-publish","format-standard","hentry","category-news","category-verein"],"_links":{"self":[{"href":"https:\/\/www.sv-karlsdorf.de\/index.php?rest_route=\/wp\/v2\/posts\/3363","targetHints":{"allow":["GET"]}}],"collection":[{"href":"https:\/\/www.sv-karlsdorf.de\/index.php?rest_route=\/wp\/v2\/posts"}],"about":[{"href":"https:\/\/www.sv-karlsdorf.de\/index.php?rest_route=\/wp\/v2\/types\/post"}],"author":[{"embeddable":true,"href":"https:\/\/www.sv-karlsdorf.de\/index.php?rest_route=\/wp\/v2\/users\/5"}],"replies":[{"embeddable":true,"href":"https:\/\/www.sv-karlsdorf.de\/index.php?rest_route=%2Fwp%2Fv2%2Fcomments&post=3363"}],"version-history":[{"count":4,"href":"https:\/\/www.sv-karlsdorf.de\/index.php?rest_route=\/wp\/v2\/posts\/3363\/revisions"}],"predecessor-version":[{"id":3897,"href":"https:\/\/www.sv-karlsdorf.de\/index.php?rest_route=\/wp\/v2\/posts\/3363\/revisions\/3897"}],"wp:attachment":[{"href":"https:\/\/www.sv-karlsdorf.de\/index.php?rest_route=%2Fwp%2Fv2%2Fmedia&parent=3363"}],"wp:term":[{"taxonomy":"category","embeddable":true,"href":"https:\/\/www.sv-karlsdorf.de\/index.php?rest_route=%2Fwp%2Fv2%2Fcategories&post=3363"},{"taxonomy":"post_tag","embeddable":true,"href":"https:\/\/www.sv-karlsdorf.de\/index.php?rest_route=%2Fwp%2Fv2%2Ftags&post=3363"}],"curies":[{"name":"wp","href":"https:\/\/api.w.org\/{rel}","templated":true}]}}