{"id":3403,"date":"2019-03-09T21:15:56","date_gmt":"2019-03-09T20:15:56","guid":{"rendered":"http:\/\/cms.sv-karlsdorf.de\/?p=3403"},"modified":"2021-03-18T18:25:49","modified_gmt":"2021-03-18T17:25:49","slug":"kreisschuetzenabend-2019","status":"publish","type":"post","link":"https:\/\/www.sv-karlsdorf.de\/?p=3403","title":{"rendered":"Kreissch\u00fctzenabend 2019"},"content":{"rendered":"\n<figure class=\"wp-block-image is-resized\"><img loading=\"lazy\" decoding=\"async\" src=\"https:\/\/sv-karlsdorf.de\/wp-content\/uploads\/2019\/03\/IMG_20190121_174029-612x1024.jpg\" alt=\"\" class=\"wp-image-3405\" width=\"232\" height=\"388\" srcset=\"https:\/\/www.sv-karlsdorf.de\/wp-content\/uploads\/2019\/03\/IMG_20190121_174029-612x1024.jpg 612w, https:\/\/www.sv-karlsdorf.de\/wp-content\/uploads\/2019\/03\/IMG_20190121_174029-179x300.jpg 179w, https:\/\/www.sv-karlsdorf.de\/wp-content\/uploads\/2019\/03\/IMG_20190121_174029-768x1286.jpg 768w, https:\/\/www.sv-karlsdorf.de\/wp-content\/uploads\/2019\/03\/IMG_20190121_174029-917x1536.jpg 917w, https:\/\/www.sv-karlsdorf.de\/wp-content\/uploads\/2019\/03\/IMG_20190121_174029-1223x2048.jpg 1223w, https:\/\/www.sv-karlsdorf.de\/wp-content\/uploads\/2019\/03\/IMG_20190121_174029-1200x2009.jpg 1200w, https:\/\/www.sv-karlsdorf.de\/wp-content\/uploads\/2019\/03\/IMG_20190121_174029-1980x3316.jpg 1980w, https:\/\/www.sv-karlsdorf.de\/wp-content\/uploads\/2019\/03\/IMG_20190121_174029-scaled.jpg 1529w\" sizes=\"auto, (max-width: 232px) 100vw, 232px\" \/><\/figure>\n\n\n\n<p>\nAm vergangenen Samstag, den 19.01.2019, trafen sich die\nVereinsmitglieder des Sportsch\u00fctzenkreis 11 Bruchsal zum j\u00e4hrlichen\nKreissch\u00fctzenabend in der Waldseehalle in Forst, um die Ereignisse\nund Erfolge des vergangenen Jahres 2018 zu feiern. In diesem Rahmen\nfanden Ehrungen aktiver Mitglieder und Sportsch\u00fctzen statt, worunter\nsich auch einige Mitglieder des SV Karlsdorfs befanden. Der Abend\nbegann mit dem Einmarsch der Vereinsmajest\u00e4ten. Der SV Karlsdorf\nwurde dabei von unserem Sch\u00fctzenk\u00f6nig <strong>Frank Herberger<\/strong>,\nunserer Sch\u00fctzenk\u00f6nigin <strong>Chiara Utzeri, sowie<\/strong> unserer\nJugendsch\u00fctzenk\u00f6nigin <strong>Vasiliki Pampoukidou <\/strong>und\nJugendsch\u00fctzenk\u00f6nig<strong> Nico Rabenstein<\/strong> repr\u00e4sentiert. \n<\/p>\n\n\n\n<figure class=\"wp-block-image\"><img loading=\"lazy\" decoding=\"async\" width=\"1024\" height=\"1024\" src=\"http:\/\/svkarlsdorf.de\/wp-content\/uploads\/2019\/03\/IMG-20190120-WA0000-1024x1024.jpg\" alt=\"\" class=\"wp-image-3404\" srcset=\"https:\/\/www.sv-karlsdorf.de\/wp-content\/uploads\/2019\/03\/IMG-20190120-WA0000-1024x1024.jpg 1024w, https:\/\/www.sv-karlsdorf.de\/wp-content\/uploads\/2019\/03\/IMG-20190120-WA0000-300x300.jpg 300w, https:\/\/www.sv-karlsdorf.de\/wp-content\/uploads\/2019\/03\/IMG-20190120-WA0000-150x150.jpg 150w, https:\/\/www.sv-karlsdorf.de\/wp-content\/uploads\/2019\/03\/IMG-20190120-WA0000-768x768.jpg 768w, https:\/\/www.sv-karlsdorf.de\/wp-content\/uploads\/2019\/03\/IMG-20190120-WA0000-1536x1536.jpg 1536w, https:\/\/www.sv-karlsdorf.de\/wp-content\/uploads\/2019\/03\/IMG-20190120-WA0000-1200x1200.jpg 1200w, https:\/\/www.sv-karlsdorf.de\/wp-content\/uploads\/2019\/03\/IMG-20190120-WA0000.jpg 1600w\" sizes=\"auto, (max-width: 1024px) 100vw, 1024px\" \/><figcaption>v.l.n.r. Frank Herberger, Chiara Utzeri, Nico Rabenstein, Vasiliki Pampoukidou<\/figcaption><\/figure>\n\n\n\n<p>\nDarauf folgten die Ehrungen der langj\u00e4hrigen und aktiven Mitglieder\nder Vereine. Geehrt wurden <strong>Ralf Drach<\/strong> f\u00fcr seine Arbeit als\nVereinskassierer, <strong>Klaus Seeland<\/strong> f\u00fcr seine Arbeit und\nVerdienste in der Jugendarbeit, <strong>Ulrich Schlindwein<\/strong> f\u00fcr seine\nArbeit als Sportleiter, <strong>Roland J\u00e4ger<\/strong> und <strong>Wolfgang Klumpp<\/strong>\nf\u00fcr ihre Arbeit als Aufsicht in der Kreisrangliste Gro\u00dfkaliber,\n<strong>Michael Nagel<\/strong> f\u00fcr die Organisation von Bauma\u00dfnahmen und\nPflege der Vereinsanlage, <strong>Torsten Macziniak<\/strong> f\u00fcr seine Arbeit\nals Pistolenreferent und Rundenkampfleiter, <strong>Achim Martin<\/strong> f\u00fcr\nseine Arbeit als Standartentr\u00e4ger und <strong>Erwin Schmitteckert<\/strong> f\u00fcr\nseine Arbeit als Gro\u00dfkaliberreferent. Dar\u00fcber hinaus erhielt der\nVerein eine Ehrung f\u00fcr sein Engagement in der Jugendarbeit mit dem\ninternationalen Jugendturnier. Der Abend klang mit unterhaltsamen und\ninteressanten Gespr\u00e4chen unter Sch\u00fctzenkollegen aus. \n<\/p>\n\n\n\n<p>\nWir gratulieren allen Geehrten und danken ihnen f\u00fcr ihre Arbeit im\nVerein.<\/p>\n","protected":false},"excerpt":{"rendered":"<p>Am vergangenen Samstag, den 19.01.2019, trafen sich die Vereinsmitglieder des Sportsch\u00fctzenkreis 11 Bruchsal zum j\u00e4hrlichen Kreissch\u00fctzenabend in der Waldseehalle in Forst, um die Ereignisse und Erfolge des vergangenen Jahres 2018 zu feiern. In diesem Rahmen fanden Ehrungen aktiver Mitglieder und Sportsch\u00fctzen statt, worunter sich auch einige Mitglieder des SV Karlsdorfs befanden. Der Abend begann mit dem Einmarsch der Vereinsmajest\u00e4ten. Der<\/p>\n","protected":false},"author":5,"featured_media":0,"comment_status":"closed","ping_status":"open","sticky":false,"template":"","format":"standard","meta":{"footnotes":""},"categories":[5,3],"tags":[],"class_list":["post-3403","post","type-post","status-publish","format-standard","hentry","category-news","category-verein"],"_links":{"self":[{"href":"https:\/\/www.sv-karlsdorf.de\/index.php?rest_route=\/wp\/v2\/posts\/3403","targetHints":{"allow":["GET"]}}],"collection":[{"href":"https:\/\/www.sv-karlsdorf.de\/index.php?rest_route=\/wp\/v2\/posts"}],"about":[{"href":"https:\/\/www.sv-karlsdorf.de\/index.php?rest_route=\/wp\/v2\/types\/post"}],"author":[{"embeddable":true,"href":"https:\/\/www.sv-karlsdorf.de\/index.php?rest_route=\/wp\/v2\/users\/5"}],"replies":[{"embeddable":true,"href":"https:\/\/www.sv-karlsdorf.de\/index.php?rest_route=%2Fwp%2Fv2%2Fcomments&post=3403"}],"version-history":[{"count":1,"href":"https:\/\/www.sv-karlsdorf.de\/index.php?rest_route=\/wp\/v2\/posts\/3403\/revisions"}],"predecessor-version":[{"id":3900,"href":"https:\/\/www.sv-karlsdorf.de\/index.php?rest_route=\/wp\/v2\/posts\/3403\/revisions\/3900"}],"wp:attachment":[{"href":"https:\/\/www.sv-karlsdorf.de\/index.php?rest_route=%2Fwp%2Fv2%2Fmedia&parent=3403"}],"wp:term":[{"taxonomy":"category","embeddable":true,"href":"https:\/\/www.sv-karlsdorf.de\/index.php?rest_route=%2Fwp%2Fv2%2Fcategories&post=3403"},{"taxonomy":"post_tag","embeddable":true,"href":"https:\/\/www.sv-karlsdorf.de\/index.php?rest_route=%2Fwp%2Fv2%2Ftags&post=3403"}],"curies":[{"name":"wp","href":"https:\/\/api.w.org\/{rel}","templated":true}]}}