{"id":3407,"date":"2019-03-09T21:18:13","date_gmt":"2019-03-09T20:18:13","guid":{"rendered":"http:\/\/cms.sv-karlsdorf.de\/?p=3407"},"modified":"2021-03-19T21:24:54","modified_gmt":"2021-03-19T20:24:54","slug":"jahreshauptversammlung-2019","status":"publish","type":"post","link":"https:\/\/www.sv-karlsdorf.de\/?p=3407","title":{"rendered":"Jahreshauptversammlung 2019"},"content":{"rendered":"\n<p>\nAm Freitag den 25.01.2019 fand die <strong>diesj\u00e4hrige\nHauptversammlung<\/strong> im Sch\u00fctzenhaus statt. Der Verwaltungsleiter\n<strong>Erwin Schmitteckert<\/strong> begr\u00fc\u00dfte die anwesenden G\u00e4ste und\nMitglieder, sowie den Kreis- und Landessch\u00fctzenmeister <strong>Roland\nWittmer<\/strong> und die Ehrenmitglieder <strong>Gerhard Schlindwein, Peter\nVoigt <\/strong>und<strong> Werner Obel<\/strong>. <strong>Das Gru\u00dfwort der Gemeinde\nKarlsdorf wurde vom B\u00fcrgermeisterstellvertreter Harald Weschenfelder\nvorgetragen.<\/strong><\/p>\n\n\n\n<figure class=\"wp-block-image\"><img loading=\"lazy\" decoding=\"async\" width=\"1024\" height=\"576\" src=\"https:\/\/sv-karlsdorf.de\/wp-content\/uploads\/2019\/03\/Jahreshauptversammlung-1-1024x576.jpeg\" alt=\"\" class=\"wp-image-3408\" srcset=\"https:\/\/www.sv-karlsdorf.de\/wp-content\/uploads\/2019\/03\/Jahreshauptversammlung-1-1024x576.jpeg 1024w, https:\/\/www.sv-karlsdorf.de\/wp-content\/uploads\/2019\/03\/Jahreshauptversammlung-1-300x169.jpeg 300w, https:\/\/www.sv-karlsdorf.de\/wp-content\/uploads\/2019\/03\/Jahreshauptversammlung-1-768x432.jpeg 768w, https:\/\/www.sv-karlsdorf.de\/wp-content\/uploads\/2019\/03\/Jahreshauptversammlung-1-1536x864.jpeg 1536w, https:\/\/www.sv-karlsdorf.de\/wp-content\/uploads\/2019\/03\/Jahreshauptversammlung-1-1200x675.jpeg 1200w, https:\/\/www.sv-karlsdorf.de\/wp-content\/uploads\/2019\/03\/Jahreshauptversammlung-1.jpeg 1600w\" sizes=\"auto, (max-width: 1024px) 100vw, 1024px\" \/><\/figure>\n\n\n\n<p>Derzeit\nist der Sch\u00fctzenverein Karlsdorf mit 290 Mitgliedern der gr\u00f6\u00dfte\nSch\u00fctzenverein im Sportsch\u00fctzenkreis 11 Bruchsal. <strong>Im\nJahr 2018 kamen 16 neue Mitglieder zum Sch\u00fctzenverein.10 Mitglieder\nsind ausgetreten, 10 weitere Mitglieder wurden bei der Waffenbeh\u00f6rde\nwegen Beitragsr\u00fcckst\u00e4nden abgemeldet. Dazu ist der Sch\u00fctzenverein\ngesetzlich verpflichtet.<\/strong><\/p>\n\n\n\n<p>\nR\u00fcckblickend auf das Jahr ging Erwin Schmitteckert\nn\u00e4her auf einige erfolgreiche Geschehnisse ein: Beim Stra\u00dfenfest\nkonnten, trotz spontaner Absagen, noch gen\u00fcgend Helfer organisiert\nwerden. In dieser Hinsicht gab es eine deutliche Besserung. Ein\nbesonderer Dank geht  hierbei an\nLiane Keim f\u00fcr Ihre gute Organisation des Wirtschaftbetriebes.\nund an unser Ehrenmitglied Heinrich Schlindwein, der wie immer Haus\nund Hof unentgeltlich zur Verf\u00fcgung stellte. Unentbehrliche\nHelfer waren auch in diesem Jahr Klaus Seeland mit seiner\nSch\u00fctzenjugend, die besonders beim Auf- und Abbau mitgeholfen haben.<strong>\n<\/strong>Eine weitere\nVeranstaltung war das 39. Internationale Jugendtunier, welches von\nRalf Drach und seinen Helfern hervorragend organisiert wurde.\nInsgesamt nahmen 170 Jugendliche aus 24 Vereinen, die zum Teil auch\naus den Nachbarl\u00e4ndern kamen, teil. Auch die Arbeitseins\u00e4tze waren\ndank vieler Helfer erfolgreich. Es wurden vier gro\u00dfe und viele\nkleine Eins\u00e4tze abgeleistet, welche v.a. durch Michael Nagel und\nsein Instandsetzungs-Team unter Frank Herberger, Peter St\u00fccke und\nJ\u00fcrgen Keller geleitet wurden. \n<\/p>\n\n\n\n<p><strong>Der\nSchrftf\u00fchrer Heinrich Schabath berichtete, dass im Jahr 2018\ninsgesamt 14 Vorstandssitzungen abgehalten wurden. Der gesamte\nVorstand, inklusive Beisitzer, hatten den gleichen Informationsstand,\nsodass Entscheidungen vorher ausf\u00fchrlich diskutiert und danach auch\neinvernehmlich getroffen werden konnten.<\/strong><\/p>\n\n\n\n<p>\nDer Bericht des Sportleiters Ulrich Schlindwein wurde\nstellvertretend von Peter St\u00fccke, dem 2. Sportleiter, vorgetragen,\nda er leider krankheitsbedingt verhindert war. Aufgrund der vielen\nsportliche Erfolgen unserer aktiven Sch\u00fctzen, bildete er den\nl\u00e4ngsten Bericht des Abends. Peter St\u00fccke meisterte den Vortrag\nhervorragend und erheiterte dabei das Publikum.<\/p>\n\n\n\n<p>\nUnsere Hauptkassenwartin Sabine Gamer war leider\nebenfalls verhindert. Daher berichtete der stellvertretende\nKassenwart Fabian Kramer \u00fcber die finanzielle Lage des Vereins.<\/p>\n\n\n\n<p>\nDer Bericht des Jugendleiters Klaus Seeland wurde dieses\nJahr von seinem Stellvertreter Kevin Rabenstein vorgetragen.<\/p>\n\n\n\n<p>\nAlle Berichte wurden von der Versammlung ohne Einw\u00e4nde\nzur Kenntnis genommen.<\/p>\n\n\n\n<p>\nNachdem die Vorstandschaft auf Antrag unseres\nEhrenmitgliedes Gerhard Schlindwein einstimmig entlastet wurde, fuhr\nArno Kramer mit den Wahlen fort. Die Wahlen der Gruppe 1 ergaben\nfolgende Ergebnisse:<\/p>\n\n\n\n<p><strong>Verwaltungsleiter:\nErwin Schmitteckert<\/strong><\/p>\n\n\n\n<p><strong>Schriftf\u00fchrer:\nHeinrich Schabath<\/strong><\/p>\n\n\n\n<p><strong>Stellvertretender\nKassenwart: Fabian Kramer<\/strong><\/p>\n\n\n\n<p><strong>Sportleiter:\nUlrich Schlindwein<\/strong><\/p>\n\n\n\n<p><strong>Damenleiterin:\nDiese Stelle konnte nicht besetzt werden.<\/strong><\/p>\n\n\n\n<p><strong>Pressereferentin:\nEmely Stober<\/strong><\/p>\n\n\n\n<p><strong>Referent\nGewehr: Mario Z\u00f6ller<\/strong><\/p>\n\n\n\n<p><strong>Referent\nGro\u00dfkaliber: Erwin Schmitteckert<\/strong><\/p>\n\n\n\n<p><strong>Beisitzer:\nRolf Rappold<\/strong><\/p>\n\n\n\n<p>\nAlle zur Wahl vorgeschlagenen Personen wurden durch die\nVereinsmitglieder best\u00e4tigt und haben die Wahl angenommen.<\/p>\n\n\n\n<p>\nNach dem offiziellen Teil der Hauptversammlung konnten\ndie Mitglieder zum gem\u00fctlichen Teil mit interessanten und\nunterhaltsamen Gespr\u00e4chen \u00fcbergehen.<\/p>\n","protected":false},"excerpt":{"rendered":"<p>Am Freitag den 25.01.2019 fand die diesj\u00e4hrige Hauptversammlung im Sch\u00fctzenhaus statt. Der Verwaltungsleiter Erwin Schmitteckert begr\u00fc\u00dfte die anwesenden G\u00e4ste und Mitglieder, sowie den Kreis- und Landessch\u00fctzenmeister Roland Wittmer und die Ehrenmitglieder Gerhard Schlindwein, Peter Voigt und Werner Obel. Das Gru\u00dfwort der Gemeinde Karlsdorf wurde vom B\u00fcrgermeisterstellvertreter Harald Weschenfelder vorgetragen. Derzeit ist der Sch\u00fctzenverein Karlsdorf mit 290 Mitgliedern der gr\u00f6\u00dfte Sch\u00fctzenverein<\/p>\n","protected":false},"author":5,"featured_media":0,"comment_status":"closed","ping_status":"closed","sticky":false,"template":"","format":"standard","meta":{"footnotes":""},"categories":[5,3],"tags":[],"class_list":["post-3407","post","type-post","status-publish","format-standard","hentry","category-news","category-verein"],"_links":{"self":[{"href":"https:\/\/www.sv-karlsdorf.de\/index.php?rest_route=\/wp\/v2\/posts\/3407","targetHints":{"allow":["GET"]}}],"collection":[{"href":"https:\/\/www.sv-karlsdorf.de\/index.php?rest_route=\/wp\/v2\/posts"}],"about":[{"href":"https:\/\/www.sv-karlsdorf.de\/index.php?rest_route=\/wp\/v2\/types\/post"}],"author":[{"embeddable":true,"href":"https:\/\/www.sv-karlsdorf.de\/index.php?rest_route=\/wp\/v2\/users\/5"}],"replies":[{"embeddable":true,"href":"https:\/\/www.sv-karlsdorf.de\/index.php?rest_route=%2Fwp%2Fv2%2Fcomments&post=3407"}],"version-history":[{"count":1,"href":"https:\/\/www.sv-karlsdorf.de\/index.php?rest_route=\/wp\/v2\/posts\/3407\/revisions"}],"predecessor-version":[{"id":3901,"href":"https:\/\/www.sv-karlsdorf.de\/index.php?rest_route=\/wp\/v2\/posts\/3407\/revisions\/3901"}],"wp:attachment":[{"href":"https:\/\/www.sv-karlsdorf.de\/index.php?rest_route=%2Fwp%2Fv2%2Fmedia&parent=3407"}],"wp:term":[{"taxonomy":"category","embeddable":true,"href":"https:\/\/www.sv-karlsdorf.de\/index.php?rest_route=%2Fwp%2Fv2%2Fcategories&post=3407"},{"taxonomy":"post_tag","embeddable":true,"href":"https:\/\/www.sv-karlsdorf.de\/index.php?rest_route=%2Fwp%2Fv2%2Ftags&post=3407"}],"curies":[{"name":"wp","href":"https:\/\/api.w.org\/{rel}","templated":true}]}}