{"id":3458,"date":"2019-09-01T19:07:50","date_gmt":"2019-09-01T17:07:50","guid":{"rendered":"http:\/\/cms.sv-karlsdorf.de\/?p=3458"},"modified":"2021-03-18T18:29:08","modified_gmt":"2021-03-18T17:29:08","slug":"40-internationales-jubilaeums-jugendturnier-beim-schuetzenverein-karlsdorf","status":"publish","type":"post","link":"https:\/\/www.sv-karlsdorf.de\/?p=3458","title":{"rendered":"40. Internationales Jubil\u00e4ums-Jugendturnier beim Sch\u00fctzenverein Karlsdorf"},"content":{"rendered":"\n<p><strong>Zahlreiche Sieger- und Wanderpokale sowie Sachpreise vergeben<\/strong><\/p>\n\n\n\n<figure class=\"wp-block-image\"><img loading=\"lazy\" decoding=\"async\" width=\"640\" height=\"480\" src=\"https:\/\/sv-karlsdorf.de\/wp-content\/uploads\/2019\/09\/klausjugendturnier19.jpg\" alt=\"\" class=\"wp-image-3460\" srcset=\"https:\/\/www.sv-karlsdorf.de\/wp-content\/uploads\/2019\/09\/klausjugendturnier19.jpg 640w, https:\/\/www.sv-karlsdorf.de\/wp-content\/uploads\/2019\/09\/klausjugendturnier19-300x225.jpg 300w\" sizes=\"auto, (max-width: 640px) 100vw, 640px\" \/><figcaption>Jugendleiter Klaus Seeland mit Hut und seine lobenswerte Jugendabteilung des SV Karlsdorf<\/figcaption><\/figure>\n\n\n\n<p>\u201eVolltreffer\nbeim Sch\u00fctzenverein\u201c, so betitelte die Badischen Neuesten Nachrichten den\nBericht des internationalen Jugendturniers, das in diesem Jahr zum 40. Mal auf\nden Standanlagen des Sch\u00fctzenvereins Karlsdorf ausgetragen wurde. \u201eNoch immer\u201c,\nwei\u00df Turnierleiter Ralf Drach, \u201eist die Attraktivit\u00e4t des Turniers\nungebrochen\u201c. <\/p>\n\n\n\n<p>Dieses Mal konnte OSM Erwin Schmitteckert 166 Teilnehmer aus S\u00fcddeutschland, dem Elsass und der Slowakei begr\u00fc\u00dfen. Vereine des SK11 Bruchsal und des BSV komplettierten das Starterfeld. Die weiteste Anreise mit \u00fcber 800 km hatte der SSZ Bratislava. Eine Ehrung f\u00fcr den \u201eVerein mit den meisten Teilnehmern\u201c erhielt die SGi \u00d6stringen mit 23 aktiven Nachwuchssch\u00fctzen.<\/p>\n\n\n\n<figure class=\"wp-block-image\"><img loading=\"lazy\" decoding=\"async\" width=\"759\" height=\"1024\" src=\"https:\/\/sv-karlsdorf.de\/wp-content\/uploads\/2019\/09\/osmerwingjt19-e1567356371807-759x1024.jpg\" alt=\"\" class=\"wp-image-3461\" srcset=\"https:\/\/www.sv-karlsdorf.de\/wp-content\/uploads\/2019\/09\/osmerwingjt19-e1567356371807-759x1024.jpg 759w, https:\/\/www.sv-karlsdorf.de\/wp-content\/uploads\/2019\/09\/osmerwingjt19-e1567356371807-222x300.jpg 222w, https:\/\/www.sv-karlsdorf.de\/wp-content\/uploads\/2019\/09\/osmerwingjt19-e1567356371807-768x1036.jpg 768w, https:\/\/www.sv-karlsdorf.de\/wp-content\/uploads\/2019\/09\/osmerwingjt19-e1567356371807.jpg 859w\" sizes=\"auto, (max-width: 759px) 100vw, 759px\" \/><figcaption>OSM Erwin Schmitteckert mit Ehrenpreis-Gewinnerin Marie-<br> Sophie Frick (SV Walzlings) und BSV-Pr\u00e4sident Roland Wittmer <\/figcaption><\/figure>\n\n\n\n<p>Neben dem schie\u00dfsportlichen Wettkampf reizt die Jugendlichen das Ambiente und die gemeinsame Freizeitgestaltung. Das Zeltlager auf den Wiesen rund um das Sch\u00fctzenhaus wird gerne angenommen. Viele kennen sich seit Jahren und freuen sich auf ein Wiedersehen, auf das Miteinander und den Austausch untereinander. Freundschaften werden vertieft, neue geschlossen.  Gerne nutzen die Sch\u00fctzen das Turnier f\u00fcr die Vorbereitungen zu den in k\u00fcrze anstehenden Deutschen Meisterschaften. <\/p>\n\n\n\n<p>Der Wettkampf bestand aus 3 Serien \u00e1 20 Schuss Luftgewehr oder Luftpistole, jeweils unterteilt in den Klassen Sch\u00fcler, Jugend und Junioren. Der schlechteste Durchgang wurde gestrichen, die beiden besten zum Gesamtergebnis addiert. Dazu 3 St\u00fcck Blatt\u00b4l-Scheiben (schwarz-rot-gr\u00fcn) mit Teilerwertung f\u00fcr Sachpreise, Ehrenpreise sowie Turnierk\u00f6nigin und Turnierk\u00f6nig. Nachwuchssch\u00fctzen, die aufgrund ihres Alters nicht mehr teilnehmen durften, wurden in einer Revival-Klasse gewertet.  Am Sonntag wurden die Finals der Besten in jeder Altersklasse geschossen, mit nochmals 20 Wettkampfsch\u00fcssen. <\/p>\n\n\n\n<p>Der\nSamstagabend geh\u00f6rte der Geselligkeit und der ersten Siegerehrung f\u00fcr die\nSachpreise, des Betreuerschie\u00dfens und der K\u00fcr des K\u00f6nigspaares:<\/p>\n\n\n\n<figure class=\"wp-block-image\"><img loading=\"lazy\" decoding=\"async\" width=\"640\" height=\"480\" src=\"https:\/\/sv-karlsdorf.de\/wp-content\/uploads\/2019\/09\/koenige19.jpg\" alt=\"\" class=\"wp-image-3464\" srcset=\"https:\/\/www.sv-karlsdorf.de\/wp-content\/uploads\/2019\/09\/koenige19.jpg 640w, https:\/\/www.sv-karlsdorf.de\/wp-content\/uploads\/2019\/09\/koenige19-300x225.jpg 300w\" sizes=\"auto, (max-width: 640px) 100vw, 640px\" \/><figcaption>Jugendturnierk\u00f6nig\/in mit Gefolge<\/figcaption><\/figure>\n\n\n\n<p><strong>Die vorderen Platzierungen (auszugsweise):<\/strong><\/p>\n\n\n\n<p><strong>Sachpreise:<\/strong><\/p>\n\n\n\n<figure class=\"wp-block-table alignwide is-style-stripes\"><table><tbody><tr><td>1. Platz<\/td><td>Larissa G\u00f6tz<\/td><td>SV Eichenlaub <br>Maria Steinbach<\/td><\/tr><tr><td>2. Platz<\/td><td>Eileen Cara G\u00f6rtler<\/td><td>Graf-Zeppelin-Sch\u00fctzen <br>Nothweiler<\/td><\/tr><tr><td>3. Platz<\/td><td>Sina Huber<\/td><td>SV Eichenlaub <br>Maria Steinbach<\/td><\/tr><\/tbody><\/table><\/figure>\n\n\n\n<p><strong>K\u00f6niginnen und K\u00f6nige:<\/strong><\/p>\n\n\n\n<figure class=\"wp-block-table alignfull is-style-stripes\"><table><tbody><tr><td>Turnierk\u00f6nigin<\/td><td>Eileen Cara G\u00f6rtler<\/td><td>Graf-Zeppelin-Sch\u00fctzen <br>Nothweiler<\/td><\/tr><tr><td>1. Prinzessin<\/td><td>Annika Kurzenh\u00e4user<\/td><td>SV Diana Eschelbach<\/td><\/tr><tr><td>2. Prinzessin<\/td><td>Sina Huber<\/td><td>SV Eichenlaub<br>Maria Steinbach<\/td><\/tr><\/tbody><\/table><\/figure>\n\n\n\n<p><strong>Betreuerschie\u00dfen<\/strong><\/p>\n\n\n\n<figure class=\"wp-block-table alignfull is-style-stripes\"><table><tbody><tr><td>1. Platz<\/td><td>Johann Aicher<\/td><td>SV Eichenlaub <br>Maria Steinbach<\/td><\/tr><tr><td>2. Platz<\/td><td>Benjamin Konrad<\/td><td>KKS Ober\u00f6wisheim<\/td><\/tr><tr><td>3. Platz<\/td><td>Florian Zindy <\/td><td>SV Oberelsass<\/td><\/tr><\/tbody><\/table><\/figure>\n\n\n\n<p>Die\nersten drei Platzierungen des Betreuerschie\u00dfens wurden jeweils mit einem\nGeldbetrag f\u00fcr die Jugendkasse belohnt (Gl\u00fccksschie\u00dfen zzgl. Dart-werfen).<\/p>\n\n\n\n<figure class=\"wp-block-image\"><img loading=\"lazy\" decoding=\"async\" width=\"856\" height=\"642\" src=\"https:\/\/sv-karlsdorf.de\/wp-content\/uploads\/2019\/09\/sieherehrungsa19.jpg\" alt=\"\" class=\"wp-image-3463\" srcset=\"https:\/\/www.sv-karlsdorf.de\/wp-content\/uploads\/2019\/09\/sieherehrungsa19.jpg 856w, https:\/\/www.sv-karlsdorf.de\/wp-content\/uploads\/2019\/09\/sieherehrungsa19-300x225.jpg 300w, https:\/\/www.sv-karlsdorf.de\/wp-content\/uploads\/2019\/09\/sieherehrungsa19-768x576.jpg 768w\" sizes=\"auto, (max-width: 856px) 100vw, 856px\" \/><figcaption>Zahlreiche Anwesenheit bei den Siegerehrungen am Samstag und Sonntag<\/figcaption><\/figure>\n\n\n\n<p>Zur abschlie\u00dfenden Siegerehrung am Sonntagnachmittag begr\u00fc\u00dften OSM Erwin Schmitteckert alle Sch\u00fctzen und Betreuer sowie viele Ehreng\u00e4ste aus Politik und Sport. So waren u. a. anwesend Harald Weschenfelder (stv. B\u00fcrgermeister der Gemeinde Karlsdorf-Neuthard), Egon Klefenz (B\u00fcrgermeister a.D. Karlsdorf-Neuthard), Roland Wittmer (Pr\u00e4sident des BSV und Kreissch\u00fctzenmeister SK11), Bruno Winkler (2. Pr\u00e4sident BSV), J\u00fcrgen D\u00f6rtzbach (Landessportleiter BSV), Dominik Merz (Landesjugendleiter BSV), Sigrid H\u00f6fele (stellv. Sportkreisvorsitzende), Franz Retzlaff (Vertr. des BSB und der Bad. Sportjugend).<\/p>\n\n\n\n<p>\u201eInzwischen hat das Karlsdorfer Jugendturnier, das vor 40 Jahren von Albert Durigon ins Leben gerufen wurde, Kultstatus erreicht\u201c berichtet Turnierleiter Ralf Drach. <\/p>\n\n\n\n<figure class=\"wp-block-image\"><img loading=\"lazy\" decoding=\"async\" width=\"898\" height=\"778\" src=\"https:\/\/sv-karlsdorf.de\/wp-content\/uploads\/2019\/09\/pokale19.jpg\" alt=\"\" class=\"wp-image-3471\" srcset=\"https:\/\/www.sv-karlsdorf.de\/wp-content\/uploads\/2019\/09\/pokale19.jpg 898w, https:\/\/www.sv-karlsdorf.de\/wp-content\/uploads\/2019\/09\/pokale19-300x260.jpg 300w, https:\/\/www.sv-karlsdorf.de\/wp-content\/uploads\/2019\/09\/pokale19-768x665.jpg 768w\" sizes=\"auto, (max-width: 898px) 100vw, 898px\" \/><figcaption>Zahlreiche Sieger-, Ehren- und Wanderpokale sowie wertvolle <br> Sachpreise beim 40. Karlsdorfer Jugendturnier<\/figcaption><\/figure>\n\n\n\n<p>Bei der \u00dcbergabe der Siegerpokale und Ehrenpreise erhielten die Sportler f\u00fcr ihre hervorragenden Leistungen die geb\u00fchrende Anerkennung.<\/p>\n\n\n\n<figure class=\"wp-block-image\"><img loading=\"lazy\" decoding=\"async\" width=\"865\" height=\"649\" src=\"https:\/\/sv-karlsdorf.de\/wp-content\/uploads\/2019\/09\/finalteilnehmer19.jpg\" alt=\"\" class=\"wp-image-3470\" srcset=\"https:\/\/www.sv-karlsdorf.de\/wp-content\/uploads\/2019\/09\/finalteilnehmer19.jpg 865w, https:\/\/www.sv-karlsdorf.de\/wp-content\/uploads\/2019\/09\/finalteilnehmer19-300x225.jpg 300w, https:\/\/www.sv-karlsdorf.de\/wp-content\/uploads\/2019\/09\/finalteilnehmer19-768x576.jpg 768w\" sizes=\"auto, (max-width: 865px) 100vw, 865px\" \/><figcaption>Finalteilnehmer der LG-Juniorenklasse <br>(v.l. J. Gegler,  E. G\u00f6rtler,C. Roglmeier, M. Schneider, L. Breher, L. Steinle,  L. Stephan, T. Fouad)<\/figcaption><\/figure>\n\n\n\n<p><strong>Die vorderen Platzierungen(auszugsweise)<\/strong><\/p>\n\n\n\n<figure class=\"wp-block-table alignfull is-style-stripes\"><table><tbody><tr><td>LP Sch\u00fcler<\/td><td>1. Platz<\/td><td>172 Ringe<\/td><td>Luis Fuchs<\/td><td>KKS <br>Hambr\u00fccken<\/td><\/tr><tr><td>LP Jugend<\/td><td>1. Platz<\/td><td>177 Ringe<\/td><td>Tobias Pirsch<\/td><td>SGi \u00d6stringen<\/td><\/tr><tr><td>LP Junioren<\/td><td>1. Platz<\/td><td>170 Ringe<\/td><td>Yannick <br>Hermann<\/td><td>SV <br>Gondelsheim<\/td><\/tr><tr><td>LP Revival <\/td><td>1. Platz<\/td><td>187 Ringe <\/td><td>Christian <br>Kirschbaum<\/td><td>KKS Ispringen<\/td><\/tr><\/tbody><\/table><\/figure>\n\n\n\n<figure class=\"wp-block-table alignfull is-style-stripes\"><table><tbody><tr><td>LG Sch\u00fcler<\/td><td>1. Platz<\/td><td>190 Ringe<\/td><td>Antoine Jung<\/td><td>SV <br>Oberelsass<\/td><\/tr><tr><td>LG Jugend<\/td><td>1. Platz<\/td><td>190 Ringe<\/td><td>Manuel <br>Gegler<\/td><td>SV Maria <br>Steinbach<\/td><\/tr><tr><td>LG Junioeren<\/td><td>1. Platz<\/td><td>198 Ringe<\/td><td>Jaquilne <br>Gegler<\/td><td>SV Maria <br>Steinbach<\/td><\/tr><tr><td>LG Revial <\/td><td>1. Platz<\/td><td>195 Ringe<\/td><td>Florian Zindy<\/td><td>SV <br>Oberelsass<\/td><\/tr><\/tbody><\/table><\/figure>\n\n\n\n<p><strong>Folgende Wanderpokale erhielten:<\/strong><\/p>\n\n\n\n<figure class=\"wp-block-table alignfull is-style-stripes\"><table><tbody><tr><td>Badischer <br>Sportsch\u00fctzenverband<\/td><td>Antoine Jung<\/td><td>SV Oberelsass<\/td><\/tr><tr><td>Ehem. Landessch\u00fctzenm.<br>W. Prokop<\/td><td>Mario Leichte<\/td><td>SV Maria Steinbach<\/td><\/tr><tr><td>Albert Durigon <br>Ged\u00e4chnispokal<\/td><td>Manuel Gegler<\/td><td>SV Maria Steinbach<\/td><\/tr><tr><td>Thomas Gesell<br>Ged\u00e4chnispokal<\/td><td>Ruth Schultheis<\/td><td>SV Elsenz<\/td><\/tr><tr><td>Bundestagesabgeordneter a. D. Klaus B\u00fchler<\/td><td>Jaqueline Gegler<\/td><td>SV Maria Steinbach<\/td><\/tr><\/tbody><\/table><\/figure>\n\n\n\n<p>Ehrenpreise<\/p>\n\n\n\n<figure class=\"wp-block-table alignfull is-style-stripes\"><table><tbody><tr><td>1. Platz<\/td><td>Simon Stier<\/td><td>SGi \u00d6stringen<\/td><td>gest. Bgm. Gem.  <br>Karlsdorf-Neuthard<\/td><\/tr><tr><td>2. Platz<\/td><td>Tarek Fouad<\/td><td>SK Dachlel <\/td><td>gest. BSV<\/td><\/tr><tr><td>3. Platz<\/td><td>Danial Bainder<\/td><td>SV Altusried<\/td><td>gest. Ministrerium<br>Kultus, Jugend, <br>Sport<\/td><\/tr><tr><td>4. Platz<\/td><td>Kevin Schneider<\/td><td>SGi \u00d6stringen<\/td><td>gest.  MdL<br>Ulli Hockenberger<\/td><\/tr><tr><td>5. Platz<\/td><td>Martin Kozuscheck<\/td><td>SGi \u00d6stringen<\/td><td>gest. SK 11 <br>Bruchsal<\/td><\/tr><tr><td>6. Platz<\/td><td>Andreas Mair<\/td><td>SV Walzlings<\/td><td>gest. Sportkreis <br>Bruchsal<\/td><\/tr><tr><td>7. Platz<\/td><td>Marie-Sophie Frick<\/td><td>SV Walzlings<\/td><td>gest. <br>EhrenkreisSM<br>Kurt Auer<\/td><\/tr><tr><td>8. Platz <\/td><td>Lukas Weiser<\/td><td>SV Eschelbach<\/td><td>gest. OSM <br>Erwin <br>Schmitteckert<\/td><\/tr><\/tbody><\/table><\/figure>\n\n\n\n<p>Am\nEnde der Siegerehrung dankte Ralf Drach allen Teilnehmern f\u00fcr ihr Kommen und\nden fairen Wettk\u00e4mpfen, den vielen Helfern vor, w\u00e4hrend und nach dem Turnier sowie\nderen unerm\u00fcdlichen Einsatz, \u201eohne die ein solches Jugendturnier nicht m\u00f6glich\nw\u00e4re.\u201c<\/p>\n\n\n\n<p>Ralf\nDrach<\/p>\n","protected":false},"excerpt":{"rendered":"<p>Zahlreiche Sieger- und Wanderpokale sowie Sachpreise vergeben \u201eVolltreffer beim Sch\u00fctzenverein\u201c, so betitelte die Badischen Neuesten Nachrichten den Bericht des internationalen Jugendturniers, das in diesem Jahr zum 40. Mal auf den Standanlagen des Sch\u00fctzenvereins Karlsdorf ausgetragen wurde. \u201eNoch immer\u201c, wei\u00df Turnierleiter Ralf Drach, \u201eist die Attraktivit\u00e4t des Turniers ungebrochen\u201c. Dieses Mal konnte OSM Erwin Schmitteckert 166 Teilnehmer aus S\u00fcddeutschland, dem Elsass<\/p>\n","protected":false},"author":5,"featured_media":0,"comment_status":"closed","ping_status":"closed","sticky":false,"template":"","format":"standard","meta":{"footnotes":""},"categories":[2,5],"tags":[],"class_list":["post-3458","post","type-post","status-publish","format-standard","hentry","category-jugend","category-news"],"_links":{"self":[{"href":"https:\/\/www.sv-karlsdorf.de\/index.php?rest_route=\/wp\/v2\/posts\/3458","targetHints":{"allow":["GET"]}}],"collection":[{"href":"https:\/\/www.sv-karlsdorf.de\/index.php?rest_route=\/wp\/v2\/posts"}],"about":[{"href":"https:\/\/www.sv-karlsdorf.de\/index.php?rest_route=\/wp\/v2\/types\/post"}],"author":[{"embeddable":true,"href":"https:\/\/www.sv-karlsdorf.de\/index.php?rest_route=\/wp\/v2\/users\/5"}],"replies":[{"embeddable":true,"href":"https:\/\/www.sv-karlsdorf.de\/index.php?rest_route=%2Fwp%2Fv2%2Fcomments&post=3458"}],"version-history":[{"count":2,"href":"https:\/\/www.sv-karlsdorf.de\/index.php?rest_route=\/wp\/v2\/posts\/3458\/revisions"}],"predecessor-version":[{"id":3903,"href":"https:\/\/www.sv-karlsdorf.de\/index.php?rest_route=\/wp\/v2\/posts\/3458\/revisions\/3903"}],"wp:attachment":[{"href":"https:\/\/www.sv-karlsdorf.de\/index.php?rest_route=%2Fwp%2Fv2%2Fmedia&parent=3458"}],"wp:term":[{"taxonomy":"category","embeddable":true,"href":"https:\/\/www.sv-karlsdorf.de\/index.php?rest_route=%2Fwp%2Fv2%2Fcategories&post=3458"},{"taxonomy":"post_tag","embeddable":true,"href":"https:\/\/www.sv-karlsdorf.de\/index.php?rest_route=%2Fwp%2Fv2%2Ftags&post=3458"}],"curies":[{"name":"wp","href":"https:\/\/api.w.org\/{rel}","templated":true}]}}