{"id":3518,"date":"2020-03-12T13:42:28","date_gmt":"2020-03-12T12:42:28","guid":{"rendered":"http:\/\/cms.sv-karlsdorf.de\/?p=3518"},"modified":"2021-03-16T19:54:37","modified_gmt":"2021-03-16T18:54:37","slug":"aufstieg-in-die-oberliga","status":"publish","type":"post","link":"https:\/\/www.sv-karlsdorf.de\/?p=3518","title":{"rendered":"Aufstieg in die Oberliga"},"content":{"rendered":"\n<p>Unsere 1. Mannschaft hat in der Disziplin Luftpistole den 1. Platz in der Landesliga S\u00fcdwest belegt. Somit durften sie an den Relegationswettk\u00e4mpfen um den Aufstieg in die Oberliga Baden am 08.03.20 in Pforzheim teilnehmen. <\/p>\n\n\n\n<p>Unsere Mannschaft mit den Sch\u00fctzen Fabian Kramer, Arno Kramer, Jonathan Brecht, Roland J\u00e4ger und Nico Rabenstein setze sich im Relegationsschie\u00dfen durch, belegte den 1. Platz und schaffte somit in der Disziplin Luftpistole den Aufstieg in die Oberliga Baden.<\/p>\n\n\n\n<div class=\"wp-block-image\"><figure class=\"aligncenter size-large\"><img loading=\"lazy\" decoding=\"async\" width=\"710\" height=\"533\" src=\"https:\/\/www.sv-karlsdorf.de\/wp-content\/uploads\/2020\/03\/1-mannsch.jpg\" alt=\"\" class=\"wp-image-3519\" srcset=\"https:\/\/www.sv-karlsdorf.de\/wp-content\/uploads\/2020\/03\/1-mannsch.jpg 710w, https:\/\/www.sv-karlsdorf.de\/wp-content\/uploads\/2020\/03\/1-mannsch-300x225.jpg 300w\" sizes=\"auto, (max-width: 710px) 100vw, 710px\" \/><figcaption>(v.l.n.r) Fabian Kramer, Nico Rabenstein, Arno Kramer, Jonathan Brecht, Roland J\u00e4ger<\/figcaption><\/figure><\/div>\n\n\n\n<p>Herzlichen Gl\u00fcckwunsch zu diesem Erfolg! <\/p>\n\n\n\n<p>Wir w\u00fcnschen unseren Sch\u00fctzen\/innen weiterhin viel Erfolg und &#8222;Gut Schuss&#8220;!<\/p>\n\n\n\n<p><\/p>\n","protected":false},"excerpt":{"rendered":"<p>Unsere 1. Mannschaft hat in der Disziplin Luftpistole den 1. Platz in der Landesliga S\u00fcdwest belegt. Somit durften sie an den Relegationswettk\u00e4mpfen um den Aufstieg in die Oberliga Baden am 08.03.20 in Pforzheim teilnehmen. Unsere Mannschaft mit den Sch\u00fctzen Fabian Kramer, Arno Kramer, Jonathan Brecht, Roland J\u00e4ger und Nico Rabenstein setze sich im Relegationsschie\u00dfen durch, belegte den 1. Platz und<\/p>\n","protected":false},"author":5,"featured_media":0,"comment_status":"closed","ping_status":"open","sticky":false,"template":"","format":"standard","meta":{"footnotes":""},"categories":[4],"tags":[],"class_list":["post-3518","post","type-post","status-publish","format-standard","hentry","category-sport"],"_links":{"self":[{"href":"https:\/\/www.sv-karlsdorf.de\/index.php?rest_route=\/wp\/v2\/posts\/3518","targetHints":{"allow":["GET"]}}],"collection":[{"href":"https:\/\/www.sv-karlsdorf.de\/index.php?rest_route=\/wp\/v2\/posts"}],"about":[{"href":"https:\/\/www.sv-karlsdorf.de\/index.php?rest_route=\/wp\/v2\/types\/post"}],"author":[{"embeddable":true,"href":"https:\/\/www.sv-karlsdorf.de\/index.php?rest_route=\/wp\/v2\/users\/5"}],"replies":[{"embeddable":true,"href":"https:\/\/www.sv-karlsdorf.de\/index.php?rest_route=%2Fwp%2Fv2%2Fcomments&post=3518"}],"version-history":[{"count":1,"href":"https:\/\/www.sv-karlsdorf.de\/index.php?rest_route=\/wp\/v2\/posts\/3518\/revisions"}],"predecessor-version":[{"id":3768,"href":"https:\/\/www.sv-karlsdorf.de\/index.php?rest_route=\/wp\/v2\/posts\/3518\/revisions\/3768"}],"wp:attachment":[{"href":"https:\/\/www.sv-karlsdorf.de\/index.php?rest_route=%2Fwp%2Fv2%2Fmedia&parent=3518"}],"wp:term":[{"taxonomy":"category","embeddable":true,"href":"https:\/\/www.sv-karlsdorf.de\/index.php?rest_route=%2Fwp%2Fv2%2Fcategories&post=3518"},{"taxonomy":"post_tag","embeddable":true,"href":"https:\/\/www.sv-karlsdorf.de\/index.php?rest_route=%2Fwp%2Fv2%2Ftags&post=3518"}],"curies":[{"name":"wp","href":"https:\/\/api.w.org\/{rel}","templated":true}]}}