{"id":4178,"date":"2023-02-28T19:04:29","date_gmt":"2023-02-28T18:04:29","guid":{"rendered":"https:\/\/www.sv-karlsdorf.de\/?p=4178"},"modified":"2023-02-28T19:04:30","modified_gmt":"2023-02-28T18:04:30","slug":"ueberraschungsbesuch-aus-dem-junioren-nationalkader","status":"publish","type":"post","link":"https:\/\/www.sv-karlsdorf.de\/?p=4178","title":{"rendered":"\u00dcberraschungsbesuch aus dem Junioren-Nationalkader"},"content":{"rendered":"\n<p>Unsere Damensportleiterin Tamara hatte f\u00fcr einen Trainingsabend unserer Sch\u00fctzenjugend die beiden Junioren-Nationalkadersch\u00fctzinnen Celina Becker und Mia Fuchs eingeladen. Beide jungen Talente k\u00f6nnen mehrfache Deutsche Meistertitel, Europameisterschaftstitel und Weltcupteilnahmen als ihre bisherigen Erfolge im Junioren-Nationalkader verbuchen. V\u00f6llig \u00fcberrascht war unsere Jugend, als Tamara die beiden vorstellte und zu einem gemeinsamen Training aufrief. Beeindruckt war unsere Jugend von dem \u00e4u\u00dferst disziplinierten und konzentrierten Aufw\u00e4rmetraining der beiden in den 15 Minuten der Vorbereitungszeit zum eigentlichen Wettkampf. Mit 40 Wettkampfsch\u00fcssen auf elektronische Scheiben in der Zeit von 50 Minuten zeigten die beiden ihr K\u00f6nnen und beeindruckten sowohl unsere Jugendsch\u00fctzen und<br>unsere Aktiven und Zuschauer. Mit Ergebnissen weit \u00fcber 370 Ringe von 400 m\u00f6glichen konnten sie selbst unseren vereinsbesten Sch\u00fctzen Fabian Kramer in die Schranken weisen. Anschlie\u00dfendes \u201eFachsimpeln\u201c \u00fcber Theorie und Praxis beim Schie\u00dfsport zeigte unserer Jugend deutlich, dass dieser Sport neben Kondition ein gro\u00dfes Ma\u00df an Konzentration und Disziplin erfordert. So ging ein Jugendtrainingsabend erfolgreich zu Ende und es hat sich gezeigt, dass der eine oder andere unserer Jugend die Eindr\u00fccke und Erfahrungen dieses Abends f\u00fcr sein pers\u00f6nliches Training verinnerlichte.<\/p>\n\n\n\n<figure class=\"wp-block-image size-full\"><img loading=\"lazy\" decoding=\"async\" width=\"614\" height=\"816\" src=\"https:\/\/www.sv-karlsdorf.de\/wp-content\/uploads\/2023\/02\/PXL_20230202_182506527.MP_.jpg\" alt=\"\" class=\"wp-image-4180\" srcset=\"https:\/\/www.sv-karlsdorf.de\/wp-content\/uploads\/2023\/02\/PXL_20230202_182506527.MP_.jpg 614w, https:\/\/www.sv-karlsdorf.de\/wp-content\/uploads\/2023\/02\/PXL_20230202_182506527.MP_-226x300.jpg 226w\" sizes=\"auto, (max-width: 614px) 100vw, 614px\" \/><\/figure>\n\n\n\n<p>Danke Celina und Mia f\u00fcr diesen tollen Trainingsabend und Dir Tamara, dass Du dies erm\u00f6glicht hast.<\/p>\n\n\n\n<p><br><strong>Vorank\u00fcndigung: Jahreshauptversammlung am Freitag, 3 M\u00e4rz 2023, 19:30 Uhr, im Sch\u00fctzenhaus<\/strong><\/p>\n","protected":false},"excerpt":{"rendered":"<p>Unsere Damensportleiterin Tamara hatte f\u00fcr einen Trainingsabend unserer Sch\u00fctzenjugend die beiden Junioren-Nationalkadersch\u00fctzinnen Celina Becker und Mia Fuchs eingeladen. Beide jungen Talente k\u00f6nnen mehrfache Deutsche Meistertitel, Europameisterschaftstitel und Weltcupteilnahmen als ihre bisherigen Erfolge im Junioren-Nationalkader verbuchen. V\u00f6llig \u00fcberrascht war unsere Jugend, als Tamara die beiden vorstellte und zu einem gemeinsamen Training aufrief. Beeindruckt war unsere Jugend von dem \u00e4u\u00dferst disziplinierten und<\/p>\n","protected":false},"author":5,"featured_media":0,"comment_status":"closed","ping_status":"closed","sticky":false,"template":"","format":"standard","meta":{"footnotes":""},"categories":[1],"tags":[],"class_list":["post-4178","post","type-post","status-publish","format-standard","hentry","category-allgemein"],"_links":{"self":[{"href":"https:\/\/www.sv-karlsdorf.de\/index.php?rest_route=\/wp\/v2\/posts\/4178","targetHints":{"allow":["GET"]}}],"collection":[{"href":"https:\/\/www.sv-karlsdorf.de\/index.php?rest_route=\/wp\/v2\/posts"}],"about":[{"href":"https:\/\/www.sv-karlsdorf.de\/index.php?rest_route=\/wp\/v2\/types\/post"}],"author":[{"embeddable":true,"href":"https:\/\/www.sv-karlsdorf.de\/index.php?rest_route=\/wp\/v2\/users\/5"}],"replies":[{"embeddable":true,"href":"https:\/\/www.sv-karlsdorf.de\/index.php?rest_route=%2Fwp%2Fv2%2Fcomments&post=4178"}],"version-history":[{"count":2,"href":"https:\/\/www.sv-karlsdorf.de\/index.php?rest_route=\/wp\/v2\/posts\/4178\/revisions"}],"predecessor-version":[{"id":4181,"href":"https:\/\/www.sv-karlsdorf.de\/index.php?rest_route=\/wp\/v2\/posts\/4178\/revisions\/4181"}],"wp:attachment":[{"href":"https:\/\/www.sv-karlsdorf.de\/index.php?rest_route=%2Fwp%2Fv2%2Fmedia&parent=4178"}],"wp:term":[{"taxonomy":"category","embeddable":true,"href":"https:\/\/www.sv-karlsdorf.de\/index.php?rest_route=%2Fwp%2Fv2%2Fcategories&post=4178"},{"taxonomy":"post_tag","embeddable":true,"href":"https:\/\/www.sv-karlsdorf.de\/index.php?rest_route=%2Fwp%2Fv2%2Ftags&post=4178"}],"curies":[{"name":"wp","href":"https:\/\/api.w.org\/{rel}","templated":true}]}}