{"id":4194,"date":"2023-03-10T20:15:52","date_gmt":"2023-03-10T19:15:52","guid":{"rendered":"https:\/\/www.sv-karlsdorf.de\/?p=4194"},"modified":"2023-03-10T20:15:53","modified_gmt":"2023-03-10T19:15:53","slug":"jahreshauptversammlung","status":"publish","type":"post","link":"https:\/\/www.sv-karlsdorf.de\/?p=4194","title":{"rendered":"Jahreshauptversammlung"},"content":{"rendered":"\n<p>Zur diesj\u00e4hrigen Jahreshauptversammlung konnte Rainer Brunner als Mitglied des gesch\u00e4ftsf\u00fchrenden Vorstands 58 Vereinsmitglieder begr\u00fc\u00dfen. Ein besonderer Gru\u00df galt den beiden anwesenden Ehrenmitgliedern Helmut Riffel und Gerhard Schlindwein. B\u00fcrgermeister Weigt und dessen Stellvertreter, aber auch LSM Wittmer mussten ihre Teilnahme aufgrund anderer Termine absagen, bekundeten jedoch ihre Verbundenheit mit dem Verein. Nach dem Totengedenken folgten die Berichte der Vorstandschaft, Schriftf\u00fchrer, Kassier, Sportleiter und Jugendleiter. In ihren Ausf\u00fchrungen zu schie\u00dfsportlichen Aktivit\u00e4ten berichteten sowohl Uli Schlindwein als auch Klaus Seeland, dass die Folgezeit nach Corona einen erkennbarem Aufw\u00e4rtstrend zeigt und im Jahr 2023 auch wieder das Waldfest der Sch\u00fctzenjugend am Vatertag<br>stattfinden wird. Nachfolgender Bericht des Kassenpr\u00fcfers bescheinigte unserem Kassier eine vorbildliche Kassenf\u00fchrern.<br>Ehrenmitglied Gerhard Schlindwein nahm die Entlastung der Vorstandschaft vor, indem er sich bei der Vorstandschaft fiir eine engagierte und stets korrekte Amtst\u00e4tigkeit bedankte, welche in  der Zeit ohne Vereinsvorstand eines besonderen Engagements bedurfte. Danach folgten die Wahlen der Gruppe 1. Wahlleiter Ralf Drach f\u00fchrte die Neuwahlen durch. Neu zu besetzen galt es zun\u00e4chst den Obersch\u00fctzenmeisterposten. Hierf\u00fcr gab es keine Vorschlage und die Stelle bleibt weiterhin unbesetzt. Als Repr\u00e4sentant (bisher E. Schmitteckert) wurde Liane Keim gew\u00e4hlt. Schriftf\u00fchrerin Petra Schaffer stellte aus famili\u00e4ren Gr\u00fcnden ihr Amt zur Verf\u00fcgung, in welches Udo Manz gew\u00e4hlt wurde. Als Gro\u00dfkaliberreferent<br>wurde Erwin Schmitteckert gew\u00e4hlt. Als neuer Beisitzer fiel die Wahl auf Jutta Brunner. Neuer 2. Kassenpr\u00fcfer wurde Jochen Lang. Alle anderen zu w\u00e4hlenden Vorstandsmitglieder wurden in ihren \u00c4mtern best\u00e4tigt. Abschlie\u00dfend bedankte sich Rainer Brunner bei den Anwesenden f\u00fcr den harmonischen Versammlungsverlauf und schloss die Jahreshauptversammlung.<\/p>\n","protected":false},"excerpt":{"rendered":"<p>Zur diesj\u00e4hrigen Jahreshauptversammlung konnte Rainer Brunner als Mitglied des gesch\u00e4ftsf\u00fchrenden Vorstands 58 Vereinsmitglieder begr\u00fc\u00dfen. Ein besonderer Gru\u00df galt den beiden anwesenden Ehrenmitgliedern Helmut Riffel und Gerhard Schlindwein. B\u00fcrgermeister Weigt und dessen Stellvertreter, aber auch LSM Wittmer mussten ihre Teilnahme aufgrund anderer Termine absagen, bekundeten jedoch ihre Verbundenheit mit dem Verein. Nach dem Totengedenken folgten die Berichte der Vorstandschaft, Schriftf\u00fchrer, Kassier,<\/p>\n","protected":false},"author":5,"featured_media":0,"comment_status":"closed","ping_status":"closed","sticky":false,"template":"","format":"standard","meta":{"footnotes":""},"categories":[1,5,3],"tags":[],"class_list":["post-4194","post","type-post","status-publish","format-standard","hentry","category-allgemein","category-news","category-verein"],"_links":{"self":[{"href":"https:\/\/www.sv-karlsdorf.de\/index.php?rest_route=\/wp\/v2\/posts\/4194","targetHints":{"allow":["GET"]}}],"collection":[{"href":"https:\/\/www.sv-karlsdorf.de\/index.php?rest_route=\/wp\/v2\/posts"}],"about":[{"href":"https:\/\/www.sv-karlsdorf.de\/index.php?rest_route=\/wp\/v2\/types\/post"}],"author":[{"embeddable":true,"href":"https:\/\/www.sv-karlsdorf.de\/index.php?rest_route=\/wp\/v2\/users\/5"}],"replies":[{"embeddable":true,"href":"https:\/\/www.sv-karlsdorf.de\/index.php?rest_route=%2Fwp%2Fv2%2Fcomments&post=4194"}],"version-history":[{"count":1,"href":"https:\/\/www.sv-karlsdorf.de\/index.php?rest_route=\/wp\/v2\/posts\/4194\/revisions"}],"predecessor-version":[{"id":4195,"href":"https:\/\/www.sv-karlsdorf.de\/index.php?rest_route=\/wp\/v2\/posts\/4194\/revisions\/4195"}],"wp:attachment":[{"href":"https:\/\/www.sv-karlsdorf.de\/index.php?rest_route=%2Fwp%2Fv2%2Fmedia&parent=4194"}],"wp:term":[{"taxonomy":"category","embeddable":true,"href":"https:\/\/www.sv-karlsdorf.de\/index.php?rest_route=%2Fwp%2Fv2%2Fcategories&post=4194"},{"taxonomy":"post_tag","embeddable":true,"href":"https:\/\/www.sv-karlsdorf.de\/index.php?rest_route=%2Fwp%2Fv2%2Ftags&post=4194"}],"curies":[{"name":"wp","href":"https:\/\/api.w.org\/{rel}","templated":true}]}}