{"id":4199,"date":"2023-03-17T16:23:27","date_gmt":"2023-03-17T15:23:27","guid":{"rendered":"https:\/\/www.sv-karlsdorf.de\/?p=4199"},"modified":"2025-06-18T19:02:52","modified_gmt":"2025-06-18T17:02:52","slug":"unsere-schuetzenjugend-bei-der-gemarkungsputzete-2023","status":"publish","type":"post","link":"https:\/\/www.sv-karlsdorf.de\/?p=4199","title":{"rendered":"Unsere Sch\u00fctzenjugend bei der Gemarkungsputzete 2023"},"content":{"rendered":"\n<p>Dem Motto<strong> \u201eFahndung nach wildem M\u00fcll\u201d<\/strong> folgend nahmen sieben Jugendliche aus unserem Verein an der diesj\u00e4hrigen Gemarkungsputzete teil. Zusammen mit ihrem Jugendleiter Klaus Seeland starten sie um 10 Uhr beim Bauhof zu ihrem zugewiesenen Bereich entlang von Waldrand und Stra\u00dfenradwege. <\/p>\n\n\n\n<figure class=\"wp-block-image size-large\"><img loading=\"lazy\" decoding=\"async\" width=\"2560\" height=\"2560\" src=\"https:\/\/www.sv-karlsdorf.de\/wp-content\/uploads\/2023\/03\/PXL_20230311_100111625.MP-min-edited-scaled.jpg\" alt=\"\" class=\"wp-image-4201\" srcset=\"https:\/\/www.sv-karlsdorf.de\/wp-content\/uploads\/2023\/03\/PXL_20230311_100111625.MP-min-edited-scaled.jpg 2560w, https:\/\/www.sv-karlsdorf.de\/wp-content\/uploads\/2023\/03\/PXL_20230311_100111625.MP-min-edited-300x300.jpg 300w, https:\/\/www.sv-karlsdorf.de\/wp-content\/uploads\/2023\/03\/PXL_20230311_100111625.MP-min-edited-1024x1024.jpg 1024w, https:\/\/www.sv-karlsdorf.de\/wp-content\/uploads\/2023\/03\/PXL_20230311_100111625.MP-min-edited-150x150.jpg 150w, https:\/\/www.sv-karlsdorf.de\/wp-content\/uploads\/2023\/03\/PXL_20230311_100111625.MP-min-edited-768x768.jpg 768w, https:\/\/www.sv-karlsdorf.de\/wp-content\/uploads\/2023\/03\/PXL_20230311_100111625.MP-min-edited-1536x1536.jpg 1536w, https:\/\/www.sv-karlsdorf.de\/wp-content\/uploads\/2023\/03\/PXL_20230311_100111625.MP-min-edited-2048x2048.jpg 2048w, https:\/\/www.sv-karlsdorf.de\/wp-content\/uploads\/2023\/03\/PXL_20230311_100111625.MP-min-edited-80x80.jpg 80w\" sizes=\"auto, (max-width: 2560px) 100vw, 2560px\" \/><figcaption class=\"wp-element-caption\">Unsere Jungsch\u00fctzen und Jugendleiter Klaus als \u201eM\u00fcllfahnder\u201c<br><br>Nicht schlecht staunten alle Helferinnen und Helfer, was so alles in freier Natur weggeworfen wurde und beim langsamen Gehen \u201eaufgesp\u00fcrt\u201d und eingesammelt werden konnte. Innerhalb k\u00fcrzester Zeit waren die M\u00fclls\u00e4cke mit kleinen und gro\u00dfen Abf\u00e4llen wie Flaschen, Einwegbechern, T\u00fcten, Elektroschrott und sonstigem Kleinm\u00fcll gef\u00fcllt und mussten durch weitere S\u00e4cke ausgetauscht werden. \u00dcberrascht war nicht nur unsere Jugend, dass wieder Altreifen, Fahrzeugteile, Fahrr\u00e4der und ganze M\u00f6belst\u00fccke am Waldrand entsorgt wurden. Durch die Aktion wurden unsere Jugendlichen<br>nicht nur auf die Umweltbelastung durch weggeworfenen M\u00fcll aufmerksam, die aktive Teilnahme an der Putzete sensibilisierte sie auch f\u00fcr ein eigenes verantwortungsbewusstes Handeln im Umgang mit wertvollen Rohstoffen. <br>Beim anschlie\u00dfenden Vesper waren sich alle einig, dass dies ein sinnvoller aktiver Beitrag unseres Vereins zum  Umweltschutz im Gemeindebreich war und dass M\u00fcll nicht in die Natur geh\u00f6rt und wir im n\u00e4chsten Jahr auf jeden Fall wieder mitmachen werden.<\/figcaption><\/figure>\n","protected":false},"excerpt":{"rendered":"<p>Dem Motto \u201eFahndung nach wildem M\u00fcll\u201d folgend nahmen sieben Jugendliche aus unserem Verein an der diesj\u00e4hrigen Gemarkungsputzete teil. Zusammen mit ihrem Jugendleiter Klaus Seeland starten sie um 10 Uhr beim Bauhof zu ihrem zugewiesenen Bereich entlang von Waldrand und Stra\u00dfenradwege.<\/p>\n","protected":false},"author":5,"featured_media":0,"comment_status":"closed","ping_status":"closed","sticky":false,"template":"","format":"standard","meta":{"footnotes":""},"categories":[1],"tags":[],"class_list":["post-4199","post","type-post","status-publish","format-standard","hentry","category-allgemein"],"_links":{"self":[{"href":"https:\/\/www.sv-karlsdorf.de\/index.php?rest_route=\/wp\/v2\/posts\/4199","targetHints":{"allow":["GET"]}}],"collection":[{"href":"https:\/\/www.sv-karlsdorf.de\/index.php?rest_route=\/wp\/v2\/posts"}],"about":[{"href":"https:\/\/www.sv-karlsdorf.de\/index.php?rest_route=\/wp\/v2\/types\/post"}],"author":[{"embeddable":true,"href":"https:\/\/www.sv-karlsdorf.de\/index.php?rest_route=\/wp\/v2\/users\/5"}],"replies":[{"embeddable":true,"href":"https:\/\/www.sv-karlsdorf.de\/index.php?rest_route=%2Fwp%2Fv2%2Fcomments&post=4199"}],"version-history":[{"count":3,"href":"https:\/\/www.sv-karlsdorf.de\/index.php?rest_route=\/wp\/v2\/posts\/4199\/revisions"}],"predecessor-version":[{"id":4528,"href":"https:\/\/www.sv-karlsdorf.de\/index.php?rest_route=\/wp\/v2\/posts\/4199\/revisions\/4528"}],"wp:attachment":[{"href":"https:\/\/www.sv-karlsdorf.de\/index.php?rest_route=%2Fwp%2Fv2%2Fmedia&parent=4199"}],"wp:term":[{"taxonomy":"category","embeddable":true,"href":"https:\/\/www.sv-karlsdorf.de\/index.php?rest_route=%2Fwp%2Fv2%2Fcategories&post=4199"},{"taxonomy":"post_tag","embeddable":true,"href":"https:\/\/www.sv-karlsdorf.de\/index.php?rest_route=%2Fwp%2Fv2%2Ftags&post=4199"}],"curies":[{"name":"wp","href":"https:\/\/api.w.org\/{rel}","templated":true}]}}